{"id":13770,"date":"2021-03-16T00:09:48","date_gmt":"2021-03-16T00:09:48","guid":{"rendered":"https:\/\/oparanews.com.br\/?p=13770"},"modified":"2021-03-16T00:09:48","modified_gmt":"2021-03-16T00:09:48","slug":"estado-confirma-1-048-novos-casos-e-18-mortes-por-covid-em-um-dia","status":"publish","type":"post","link":"https:\/\/www.oparanews.com.br\/index.php\/2021\/03\/16\/estado-confirma-1-048-novos-casos-e-18-mortes-por-covid-em-um-dia\/","title":{"rendered":"Estado confirma 1.048 novos casos e 18 mortes por Covid em um dia"},"content":{"rendered":"<p>Alagoas registrou 1.048 casos e 18 mortes por Covid-19 nas \u00faltimas 24 horas, segundo o boletim epidemiol\u00f3gico da Secretaria de Estado da Sa\u00fade (Sesau) desta segunda-feira (15). Esse foi o maior n\u00famero di\u00e1rio de casos registrado desde agosto de 2020, \u00e9poca de pico da pandemia no estado.<\/p>\n<p>Outra marca que Alagoas n\u00e3o registrava desde agosto do ano passado foi a de 100 mortes por Covid-19 em uma semana, o que levou pesquisadores a recomendarem ado\u00e7\u00e3o de medidas mais r\u00edgidas de isolamento social no estado.<\/p>\n<p>Desde o in\u00edcio da pandemia, Alagoas registrou 141.390 casos confirmados e 3.216 mortes pela Covid-19. Do total de pessoas infectadas pelo novo coronav\u00edrus, 134.234 se recuperaram e 3.195 est\u00e3o em tratamento, em isolamento domiciliar.<\/p>\n<p>Dos 1.099 leitos exclusivos para pacientes com suspeita e confirma\u00e7\u00e3o de infec\u00e7\u00e3o pelo novo coronav\u00edrus, 768 estavam ocupados at\u00e9 \u00e0s 16 horas desse domingo (14), o que corresponde a 70% de ocupa\u00e7\u00e3o. J\u00e1 dos 326 leitos de UTI, 271 estavam ocupados, taxa de 83% de ocupa\u00e7\u00e3o.<\/p>\n<p>O n\u00famero acumulado de casos suspeitos est\u00e1 em 14.494.<\/p>\n<p>Das 18 mortes das \u00faltimas 24 horas, a maioria \u00e9 de moradores do interior, 12 no total. Seis v\u00edtimas viviam em Macei\u00f3.<\/p>\n<p>Os \u00f3bitos registrados em 24 horas n\u00e3o significam, necessariamente, que as mortes aconteceram de um dia para o outro, mas que foram contabilizadas no sistema neste per\u00edodo. Os n\u00fameros dos boletins epidemiol\u00f3gicos costumam ser menores aos fins de semana e \u00e0s segundas-feiras por causa do atraso na notifica\u00e7\u00e3o nessas datas.<\/p>\n<p><strong>Mais 18 mortes por Covid-19<\/strong><\/p>\n<p>Macei\u00f3: Homem, 63 anos \u2013 sem comorbidades<br \/>\nMacei\u00f3: Homem, 72 anos \u2013 hipertenso e diab\u00e9tico<br \/>\nMacei\u00f3: Homem, 79 anos \u2013 hipertenso, diab\u00e9tico, Alzheimer e era ex-tabagista<br \/>\nMacei\u00f3: Mulher, 66 anos \u2013 diab\u00e9tica e hipertensa<br \/>\nMacei\u00f3: Mulher, 68 anos \u2013 diab\u00e9tica<br \/>\nMacei\u00f3: Mulher, 82 anos \u2013 hipertensa, hipotiroidismo e Doen\u00e7a Pulmonar Obstrutiva Cr\u00f4nica (DPOC)<br \/>\nArapiraca: Homem, 50 anos \u2013 sem comorbidades<br \/>\nArapiraca: Homem, 75 anos \u2013 diabetes<br \/>\nTeot\u00f4nio Vilela: Homem, 43 anos \u2013 hipertenso<br \/>\nS\u00e3o Jos\u00e9 da Laje: Homem, 74 anos \u2013 diab\u00e9tico<br \/>\nSantana do Munda\u00fa: Homem, 74 anos \u2013 sem comorbidades<br \/>\nQuebrangulo: Homem, 86 anos \u2013 hipertenso, tabagista e imunossuprimido<br \/>\nCarneiros: Mulher, 35 anos \u2013 cardiopatia<br \/>\nBoca da Mata: Mulher, 52 anos \u2013 hipertensa e diab\u00e9tica<br \/>\nMajor Izidoro: Mulher, 64 anos \u2013 sem comorbidades<br \/>\nMurici: Mulher, 71 anos \u2013 hipertensa e diab\u00e9tica<br \/>\nSatuba: Mulher, 72 anos \u2013 sem comorbidades<br \/>\nPorto Calvo: Mulher, 78 anos \u2013 hipertensa, diabetes e sequelas de uma Acidente Vascular Cerebral (AVC)<\/p>\n<p>&nbsp;<\/p>\n<p><strong>Fonte: G1\/AL<\/strong><\/p>\n<p>&nbsp;<\/p>\n","protected":false},"excerpt":{"rendered":"<p>Alagoas registrou 1.048 casos e 18 mortes por Covid-19 nas \u00faltimas 24 horas, segundo o boletim epidemiol\u00f3gico da Secretaria de Estado da Sa\u00fade (Sesau) desta segunda-feira (15). Esse foi o maior n\u00famero di\u00e1rio de casos registrado desde agosto de 2020, \u00e9poca de pico da pandemia no estado. Outra marca que Alagoas n\u00e3o registrava desde agosto &hellip;<\/p>\n","protected":false},"author":1,"featured_media":8832,"comment_status":"closed","ping_status":"closed","sticky":false,"template":"","format":"standard","meta":{"_jetpack_newsletter_access":"","_jetpack_dont_email_post_to_subs":false,"_jetpack_newsletter_tier_id":0,"_jetpack_memberships_contains_paywalled_content":false,"_jetpack_memberships_contains_paid_content":false,"footnotes":""},"categories":[1],"tags":[],"class_list":["post-13770","post","type-post","status-publish","format-standard","has-post-thumbnail","hentry","category-destaque"],"jetpack_sharing_enabled":true,"jetpack_featured_media_url":"","_links":{"self":[{"href":"https:\/\/www.oparanews.com.br\/index.php\/wp-json\/wp\/v2\/posts\/13770","targetHints":{"allow":["GET"]}}],"collection":[{"href":"https:\/\/www.oparanews.com.br\/index.php\/wp-json\/wp\/v2\/posts"}],"about":[{"href":"https:\/\/www.oparanews.com.br\/index.php\/wp-json\/wp\/v2\/types\/post"}],"author":[{"embeddable":true,"href":"https:\/\/www.oparanews.com.br\/index.php\/wp-json\/wp\/v2\/users\/1"}],"replies":[{"embeddable":true,"href":"https:\/\/www.oparanews.com.br\/index.php\/wp-json\/wp\/v2\/comments?post=13770"}],"version-history":[{"count":0,"href":"https:\/\/www.oparanews.com.br\/index.php\/wp-json\/wp\/v2\/posts\/13770\/revisions"}],"wp:attachment":[{"href":"https:\/\/www.oparanews.com.br\/index.php\/wp-json\/wp\/v2\/media?parent=13770"}],"wp:term":[{"taxonomy":"category","embeddable":true,"href":"https:\/\/www.oparanews.com.br\/index.php\/wp-json\/wp\/v2\/categories?post=13770"},{"taxonomy":"post_tag","embeddable":true,"href":"https:\/\/www.oparanews.com.br\/index.php\/wp-json\/wp\/v2\/tags?post=13770"}],"curies":[{"name":"wp","href":"https:\/\/api.w.org\/{rel}","templated":true}]}}