{"id":13775,"date":"2021-03-16T00:14:09","date_gmt":"2021-03-16T00:14:09","guid":{"rendered":"https:\/\/oparanews.com.br\/?p=13775"},"modified":"2021-03-16T00:14:09","modified_gmt":"2021-03-16T00:14:09","slug":"idosos-com-73-anos-ja-podem-ser-vacinados-contra-covid-19-em-penedo","status":"publish","type":"post","link":"https:\/\/www.oparanews.com.br\/index.php\/2021\/03\/16\/idosos-com-73-anos-ja-podem-ser-vacinados-contra-covid-19-em-penedo\/","title":{"rendered":"Idosos com 73 anos j\u00e1 podem ser vacinados contra Covid-19 em Penedo"},"content":{"rendered":"<p>Idosos com 73 anos residentes em Penedo j\u00e1 podem receber a primeira dose da vacina contra Covid-19. O avan\u00e7o na campanha de imuniza\u00e7\u00e3o contra o coronav\u00edrus foi anunciado nesta segunda-feira, 15, pelo Prefeito Ronaldo Lopes em suas redes sociais.<\/p>\n<p>A inclus\u00e3o de mais uma faixa et\u00e1ria pela Secretaria Municipal de Sa\u00fade (SEMS) n\u00e3o impede quem j\u00e1 tem mais de 73 anos e ainda n\u00e3o foi imunizado de receber a vacina.<\/p>\n<p>Em Penedo, a vacina\u00e7\u00e3o acontece na central instalada nas depend\u00eancias da Escola Estadual Ernani M\u00e9ro, de segunda \u00e0 sexta-feira, no hor\u00e1rio das 7h \u00e0s 19 horas.<\/p>\n<p>Para ser vacinado, \u00e9 preciso apresentar documento oficial com foto, comprovante de resid\u00eancia e Cart\u00e3o SUS.<\/p>\n<p>Do grupo priorit\u00e1rio com 77 e 75 anos de idade, cerca de 250 j\u00e1 foram vacinadas em Penedo at\u00e9 este in\u00edcio de semana que amplia o acesso para idosos com 73 e 74 anos.<\/p>\n<p>Parentes, respons\u00e1veis ou cuidadores de pessoas sem condi\u00e7\u00f5es de se locomover ou que se encontram acamadas e que ainda n\u00e3o foram imunizadas podem solicitar a visita por meio do 82 99399-8360, contato que funciona somente como whatsapp e durante o funcionamento da Central de Vacina\u00e7\u00e3o.<\/p>\n<p>&nbsp;<\/p>\n<p><strong>por Fernando Vin\u00edcius \u2013 Decom PMP<\/strong><\/p>\n<p>&nbsp;<\/p>\n","protected":false},"excerpt":{"rendered":"<p>Idosos com 73 anos residentes em Penedo j\u00e1 podem receber a primeira dose da vacina contra Covid-19. O avan\u00e7o na campanha de imuniza\u00e7\u00e3o contra o coronav\u00edrus foi anunciado nesta segunda-feira, 15, pelo Prefeito Ronaldo Lopes em suas redes sociais. A inclus\u00e3o de mais uma faixa et\u00e1ria pela Secretaria Municipal de Sa\u00fade (SEMS) n\u00e3o impede quem &hellip;<\/p>\n","protected":false},"author":1,"featured_media":13776,"comment_status":"closed","ping_status":"closed","sticky":false,"template":"","format":"standard","meta":{"_jetpack_newsletter_access":"","_jetpack_dont_email_post_to_subs":false,"_jetpack_newsletter_tier_id":0,"_jetpack_memberships_contains_paywalled_content":false,"_jetpack_memberships_contains_paid_content":false,"footnotes":""},"categories":[1],"tags":[],"class_list":["post-13775","post","type-post","status-publish","format-standard","has-post-thumbnail","hentry","category-destaque"],"jetpack_sharing_enabled":true,"jetpack_featured_media_url":"","_links":{"self":[{"href":"https:\/\/www.oparanews.com.br\/index.php\/wp-json\/wp\/v2\/posts\/13775","targetHints":{"allow":["GET"]}}],"collection":[{"href":"https:\/\/www.oparanews.com.br\/index.php\/wp-json\/wp\/v2\/posts"}],"about":[{"href":"https:\/\/www.oparanews.com.br\/index.php\/wp-json\/wp\/v2\/types\/post"}],"author":[{"embeddable":true,"href":"https:\/\/www.oparanews.com.br\/index.php\/wp-json\/wp\/v2\/users\/1"}],"replies":[{"embeddable":true,"href":"https:\/\/www.oparanews.com.br\/index.php\/wp-json\/wp\/v2\/comments?post=13775"}],"version-history":[{"count":0,"href":"https:\/\/www.oparanews.com.br\/index.php\/wp-json\/wp\/v2\/posts\/13775\/revisions"}],"wp:attachment":[{"href":"https:\/\/www.oparanews.com.br\/index.php\/wp-json\/wp\/v2\/media?parent=13775"}],"wp:term":[{"taxonomy":"category","embeddable":true,"href":"https:\/\/www.oparanews.com.br\/index.php\/wp-json\/wp\/v2\/categories?post=13775"},{"taxonomy":"post_tag","embeddable":true,"href":"https:\/\/www.oparanews.com.br\/index.php\/wp-json\/wp\/v2\/tags?post=13775"}],"curies":[{"name":"wp","href":"https:\/\/api.w.org\/{rel}","templated":true}]}}