{"id":13778,"date":"2021-03-16T00:16:00","date_gmt":"2021-03-16T00:16:00","guid":{"rendered":"https:\/\/oparanews.com.br\/?p=13778"},"modified":"2021-03-16T00:16:00","modified_gmt":"2021-03-16T00:16:00","slug":"prefeitura-de-penedo-e-policia-militar-fiscalizam-feiras-bares-e-restaurantes-contra-covid-19","status":"publish","type":"post","link":"https:\/\/www.oparanews.com.br\/index.php\/2021\/03\/16\/prefeitura-de-penedo-e-policia-militar-fiscalizam-feiras-bares-e-restaurantes-contra-covid-19\/","title":{"rendered":"Prefeitura de Penedo e Pol\u00edcia Militar fiscalizam feiras, bares e restaurantes contra Covid-19"},"content":{"rendered":"<p>A Prefeitura de Penedo, por meio das Secretaria Municipais de Sa\u00fade (SEMS) e de Abastecimento e Desenvolvimento Agr\u00edcola (SEMADA), realizou fiscaliza\u00e7\u00e3o conjunta sobre o cumprimento das medidas contra Covid-19 nas feiras livres da cidade, conforme determinado em decreto do governo estadual.<\/p>\n<p>A a\u00e7\u00e3o contou com a presen\u00e7a de agentes da Vigil\u00e2ncia Sanit\u00e1ria Municipal, dentre outros setores da SEMS; fiscais da SEMADA e policiais do 11\u00ba Batalh\u00e3o de Policia Militar (BPM), dando o apoio necess\u00e1rio ao cumprimento das medidas previstas por lei.<\/p>\n<p>De acordo com o Diretor da Vigil\u00e2ncia Sanit\u00e1ria da SEMS Penedo, \u00c2ngelo Mendes, durante a a\u00e7\u00e3o, os comerciantes da feira livre que j\u00e1 haviam sido orientados e reincidiram nas proibi\u00e7\u00f5es da Fase Laranja foram suspensos de atuar na feira por 20 dias.<\/p>\n<p>Durante a fiscaliza\u00e7\u00e3o tamb\u00e9m foram observados o uso de m\u00e1scaras por parte de feirantes e clientes, disponibilidade de \u00e1lcool 70% e ado\u00e7\u00e3o do distanciamento social.<\/p>\n<p><strong>Fiscaliza\u00e7\u00e3o<\/strong><\/p>\n<p>A a\u00e7\u00e3o conjunta tamb\u00e9m fiscalizou o fechamento de bares e restaurantes, que de acordo com o decreto estadual e portaria municipal est\u00e3o proibidos de funcionar durante os s\u00e1bados e domingos, exceto para atendimento por delivery ou sistema \u2018pague e leve\u2019.<\/p>\n<p>\u00c2ngelo Mendes tamb\u00e9m destacou que a Vigil\u00e2ncia Sanit\u00e1ria, com o apoio da Policia Militar tamb\u00e9m fiscaliza a realiza\u00e7\u00e3o de festas clandestinas, com a coibi\u00e7\u00e3o desse tipo de pr\u00e1tica e a ado\u00e7\u00e3o das medidas legais cab\u00edveis.<\/p>\n<p>\u201cPedir a popula\u00e7\u00e3o para assumir a sua responsabilidade diante do quadro atual da pandemia de Covid-19. \u00c9 importante pensar n\u00e3o s\u00f3 em si mesmo, mas tamb\u00e9m nos outros. Esse \u00e9 um fator determinante para a redu\u00e7\u00e3o dos n\u00fameros relacionados a Covid-19. Se faz necess\u00e1rio a compreens\u00e3o de todos, enquanto a vacina\u00e7\u00e3o ainda n\u00e3o est\u00e1 dispon\u00edvel para toda a popula\u00e7\u00e3o\u201d, afirmou o Diretor da Vigil\u00e2ncia Sanit\u00e1ria Municipal.<\/p>\n<p>&nbsp;<\/p>\n<p><strong>Fonte: Decom PMP<\/strong><\/p>\n<p>&nbsp;<\/p>\n","protected":false},"excerpt":{"rendered":"<p>A Prefeitura de Penedo, por meio das Secretaria Municipais de Sa\u00fade (SEMS) e de Abastecimento e Desenvolvimento Agr\u00edcola (SEMADA), realizou fiscaliza\u00e7\u00e3o conjunta sobre o cumprimento das medidas contra Covid-19 nas feiras livres da cidade, conforme determinado em decreto do governo estadual. A a\u00e7\u00e3o contou com a presen\u00e7a de agentes da Vigil\u00e2ncia Sanit\u00e1ria Municipal, dentre outros &hellip;<\/p>\n","protected":false},"author":1,"featured_media":13779,"comment_status":"closed","ping_status":"closed","sticky":false,"template":"","format":"standard","meta":{"_jetpack_newsletter_access":"","_jetpack_dont_email_post_to_subs":false,"_jetpack_newsletter_tier_id":0,"_jetpack_memberships_contains_paywalled_content":false,"_jetpack_memberships_contains_paid_content":false,"footnotes":""},"categories":[1],"tags":[],"class_list":["post-13778","post","type-post","status-publish","format-standard","has-post-thumbnail","hentry","category-destaque"],"jetpack_sharing_enabled":true,"jetpack_featured_media_url":"","_links":{"self":[{"href":"https:\/\/www.oparanews.com.br\/index.php\/wp-json\/wp\/v2\/posts\/13778","targetHints":{"allow":["GET"]}}],"collection":[{"href":"https:\/\/www.oparanews.com.br\/index.php\/wp-json\/wp\/v2\/posts"}],"about":[{"href":"https:\/\/www.oparanews.com.br\/index.php\/wp-json\/wp\/v2\/types\/post"}],"author":[{"embeddable":true,"href":"https:\/\/www.oparanews.com.br\/index.php\/wp-json\/wp\/v2\/users\/1"}],"replies":[{"embeddable":true,"href":"https:\/\/www.oparanews.com.br\/index.php\/wp-json\/wp\/v2\/comments?post=13778"}],"version-history":[{"count":0,"href":"https:\/\/www.oparanews.com.br\/index.php\/wp-json\/wp\/v2\/posts\/13778\/revisions"}],"wp:attachment":[{"href":"https:\/\/www.oparanews.com.br\/index.php\/wp-json\/wp\/v2\/media?parent=13778"}],"wp:term":[{"taxonomy":"category","embeddable":true,"href":"https:\/\/www.oparanews.com.br\/index.php\/wp-json\/wp\/v2\/categories?post=13778"},{"taxonomy":"post_tag","embeddable":true,"href":"https:\/\/www.oparanews.com.br\/index.php\/wp-json\/wp\/v2\/tags?post=13778"}],"curies":[{"name":"wp","href":"https:\/\/api.w.org\/{rel}","templated":true}]}}