{"id":13781,"date":"2021-03-16T00:18:46","date_gmt":"2021-03-16T00:18:46","guid":{"rendered":"https:\/\/oparanews.com.br\/?p=13781"},"modified":"2021-03-16T00:18:46","modified_gmt":"2021-03-16T00:18:46","slug":"bolsonaro-escolhe-marcelo-queiroga-para-substituir-pazuello","status":"publish","type":"post","link":"https:\/\/www.oparanews.com.br\/index.php\/2021\/03\/16\/bolsonaro-escolhe-marcelo-queiroga-para-substituir-pazuello\/","title":{"rendered":"Bolsonaro escolhe Marcelo Queiroga para substituir Pazuello"},"content":{"rendered":"<p>O presidente Jair Bolsonaro escolheu o m\u00e9dico Marcelo Queiroga para substituir Eduardo Pazuello como ministro da Sa\u00fade.<\/p>\n<p>A troca se d\u00e1 no pior momento da pandemia de Covid, com recordes sucessivos de mortes (quase 280 mil, no total) e a doen\u00e7a em expans\u00e3o em todo o Brasil.<\/p>\n<p>Queiroga se reuniu na tarde desta segunda-feira (15) com Bolsonaro no Pal\u00e1cio do Planalto. Segundo o presidente, a nomea\u00e7\u00e3o de Queiroga ser\u00e1 publicada na edi\u00e7\u00e3o desta ter\u00e7a-feira do &#8220;Di\u00e1rio Oficial da Uni\u00e3o&#8221; e haver\u00e1 uma transi\u00e7\u00e3o de &#8220;uma ou duas semanas&#8221; entre o novo ministro e o antecessor.<\/p>\n<p>&#8220;Foi decidido agora \u00e0 tarde a indica\u00e7\u00e3o do m\u00e9dico, doutor Marcelo Queiroga, para o Minist\u00e9rio da Sa\u00fade. Ele \u00e9 presidente da Sociedade Brasileira de Cardiologia. A conversa foi excelente. J\u00e1 o conhecia h\u00e1 alguns anos. Ent\u00e3o, n\u00e3o \u00e9 uma pessoa que tomei conhecimento h\u00e1 poucos dias. Tem tudo no meu entender para fazer um bom trabalho, dando prosseguimento a tudo que o Pazuello fez at\u00e9 hoje&#8221;, afirmou Bolsonaro a apoiadores, ao chegar no in\u00edcio da noite \u00e0 resid\u00eancia oficial do Pal\u00e1cio da Alvorada, em transmiss\u00e3o ao vivo do site &#8220;Foco do Brasil&#8221;.<\/p>\n<p>Segundo o presidente, &#8220;a parte de gest\u00e3o foi muito bem feita por ele [Pazuello] e agora vamos partir para uma parte mais agressiva no tocante ao combate ao v\u00edrus&#8221;.<\/p>\n<p>Antes de se reunir com Queiroga, Bolsonaro conversou no domingo e nesta segunda com a m\u00e9dica Ludhmila Hajjar. Mas a negocia\u00e7\u00e3o fracassou, e a m\u00e9dica afirmou que n\u00e3o aceitaria convite para se tornar ministra. Especializada no tratamento da Covid, ela afirmou que n\u00e3o houve &#8220;converg\u00eancia t\u00e9cnica&#8221; com Bolsonaro.<\/p>\n<p>\u00c0 tarde, Eduardo Pazuello concedeu uma entrevista coletiva na qual afirmou que permaneceria no cargo enquanto Bolsonaro buscasse encontrar um substituto. &#8220;\u00c9 continuidade, n\u00e3o h\u00e1 rompimento&#8221;, afirmou Pazuello ap\u00f3s seis meses no posto.<\/p>\n<p>&nbsp;<\/p>\n<p><strong>Fonte: Globo.com<\/strong><\/p>\n<p>&nbsp;<\/p>\n","protected":false},"excerpt":{"rendered":"<p>O presidente Jair Bolsonaro escolheu o m\u00e9dico Marcelo Queiroga para substituir Eduardo Pazuello como ministro da Sa\u00fade. A troca se d\u00e1 no pior momento da pandemia de Covid, com recordes sucessivos de mortes (quase 280 mil, no total) e a doen\u00e7a em expans\u00e3o em todo o Brasil. Queiroga se reuniu na tarde desta segunda-feira (15) &hellip;<\/p>\n","protected":false},"author":1,"featured_media":13782,"comment_status":"closed","ping_status":"closed","sticky":false,"template":"","format":"standard","meta":{"_jetpack_newsletter_access":"","_jetpack_dont_email_post_to_subs":false,"_jetpack_newsletter_tier_id":0,"_jetpack_memberships_contains_paywalled_content":false,"_jetpack_memberships_contains_paid_content":false,"footnotes":""},"categories":[1],"tags":[],"class_list":["post-13781","post","type-post","status-publish","format-standard","has-post-thumbnail","hentry","category-destaque"],"jetpack_sharing_enabled":true,"jetpack_featured_media_url":"","_links":{"self":[{"href":"https:\/\/www.oparanews.com.br\/index.php\/wp-json\/wp\/v2\/posts\/13781","targetHints":{"allow":["GET"]}}],"collection":[{"href":"https:\/\/www.oparanews.com.br\/index.php\/wp-json\/wp\/v2\/posts"}],"about":[{"href":"https:\/\/www.oparanews.com.br\/index.php\/wp-json\/wp\/v2\/types\/post"}],"author":[{"embeddable":true,"href":"https:\/\/www.oparanews.com.br\/index.php\/wp-json\/wp\/v2\/users\/1"}],"replies":[{"embeddable":true,"href":"https:\/\/www.oparanews.com.br\/index.php\/wp-json\/wp\/v2\/comments?post=13781"}],"version-history":[{"count":0,"href":"https:\/\/www.oparanews.com.br\/index.php\/wp-json\/wp\/v2\/posts\/13781\/revisions"}],"wp:attachment":[{"href":"https:\/\/www.oparanews.com.br\/index.php\/wp-json\/wp\/v2\/media?parent=13781"}],"wp:term":[{"taxonomy":"category","embeddable":true,"href":"https:\/\/www.oparanews.com.br\/index.php\/wp-json\/wp\/v2\/categories?post=13781"},{"taxonomy":"post_tag","embeddable":true,"href":"https:\/\/www.oparanews.com.br\/index.php\/wp-json\/wp\/v2\/tags?post=13781"}],"curies":[{"name":"wp","href":"https:\/\/api.w.org\/{rel}","templated":true}]}}