{"id":13784,"date":"2021-03-16T00:29:15","date_gmt":"2021-03-16T00:29:15","guid":{"rendered":"https:\/\/oparanews.com.br\/?p=13784"},"modified":"2021-03-16T00:29:15","modified_gmt":"2021-03-16T00:29:15","slug":"bolsonaro-e-denunciado-por-tragedia-humanitaria-na-pandemia","status":"publish","type":"post","link":"https:\/\/www.oparanews.com.br\/index.php\/2021\/03\/16\/bolsonaro-e-denunciado-por-tragedia-humanitaria-na-pandemia\/","title":{"rendered":"Bolsonaro \u00e9 denunciado por trag\u00e9dia humanit\u00e1ria na pandemia"},"content":{"rendered":"<p>O governo do presidente Jair Bolsonaro foi denunciado nesta segunda-feira no Conselho de Direitos Humanos da Organiza\u00e7\u00e3o das Na\u00e7\u00f5es Unidas (ONU) em Genebra pela gest\u00e3o que faz da pandemia de covid-19, doen\u00e7a que j\u00e1 matou mais de 278 mil pessoas no Brasil, maior n\u00famero do mundo atr\u00e1s apenas dos Estados Unidos.<\/p>\n<p>A den\u00fancia foi feita pelas organiza\u00e7\u00f5es n\u00e3o-governamentais de defesa dos direitos humanos Comiss\u00e3o Arns e Conectas Direitos Humanos, que apontaram que o governo Bolsonaro levou o pa\u00eds a uma &#8220;devastadora trag\u00e9dia humanit\u00e1ria&#8221;.<\/p>\n<p>&#8220;Viemos aqui hoje para criticar as atitudes recorrentes do presidente Jair Bolsonaro sobre a pandemia&#8221;, disseram as entidades ao conselho.<\/p>\n<p>&#8220;Ele desdenha das recomenda\u00e7\u00f5es dos cientistas; ele tem, repetidamente, semeado descr\u00e9dito em todas as medidas de prote\u00e7\u00e3o &#8211; como o uso de m\u00e1scaras e distanciamento social; promoveu o uso de drogas ineficazes; paralisou a capacidade de coordena\u00e7\u00e3o da autoridade federal de Sa\u00fade; descartou a import\u00e2ncia das vacinas; riu dos temores e l\u00e1grimas das fam\u00edlias e disse aos brasileiros para parar &#8216;de frescura e mimimi&#8217;.&#8221;<\/p>\n<p>Por v\u00e1rias vezes Bolsonaro minimizou a pandemia de Covid-19, afirmando que ela estava sendo superdimensionada e classificando a doen\u00e7a de &#8220;gripezinha&#8221;.<\/p>\n<p>Ele tamb\u00e9m ataca constantemente as medidas de distanciamento social e restri\u00e7\u00f5es adotadas por governadores e prefeitos, al\u00e9m de raramente usar m\u00e1scaras e de frequentemente promover aglomera\u00e7\u00f5es, desrespeitando assim recomenda\u00e7\u00f5es de entidades internacionais, como a Organiza\u00e7\u00e3o Mundial da Sa\u00fade (OMS), para conter a dissemina\u00e7\u00e3o do v\u00edrus.<\/p>\n<p>O presidente tamb\u00e9m j\u00e1 criticou vacinas e chegou a comemorar como uma vit\u00f3ria pessoal a breve interrup\u00e7\u00e3o, determinada pela Ag\u00eancia Nacional de Vigil\u00e2ncia Sanit\u00e1ria (Anvisa), dos testes no Brasil da CoronaVac, vacina contra Covid-19 do laborat\u00f3rio chin\u00eas Sinovac que foi testada no Brasil pelo Instituto Butantan, vinculado ao governo do Estado de S\u00e3o Paulo.<\/p>\n<p>Bolsonaro chegou a afirmar que seu governo n\u00e3o compraria a CoronaVac e que ela n\u00e3o inspirava confian\u00e7a por causa de sua origem chinesa. Atualmente, no entanto, a vacina da Sinovac responde pela esmagadora maioria das doses dispon\u00edveis na campanha nacional de vacina\u00e7\u00e3o contra a Covid-19.<\/p>\n<p>Ele tamb\u00e9m defende medicamentos sem comprova\u00e7\u00e3o cient\u00edfica no tratamento da Covid, como a hidroxicloroquina, e afirma, contrariando as evid\u00eancias dispon\u00edveis, que juntamente com outros rem\u00e9dios o medicamento, usado no tratamento de mal\u00e1ria e doen\u00e7as autoimunes, comp\u00f5e um &#8220;tratamento precoce&#8221; contra o coronav\u00edrus.<\/p>\n<p>&nbsp;<\/p>\n<p><strong>Fonte: Terra<\/strong><\/p>\n<p>&nbsp;<\/p>\n","protected":false},"excerpt":{"rendered":"<p>O governo do presidente Jair Bolsonaro foi denunciado nesta segunda-feira no Conselho de Direitos Humanos da Organiza\u00e7\u00e3o das Na\u00e7\u00f5es Unidas (ONU) em Genebra pela gest\u00e3o que faz da pandemia de covid-19, doen\u00e7a que j\u00e1 matou mais de 278 mil pessoas no Brasil, maior n\u00famero do mundo atr\u00e1s apenas dos Estados Unidos. A den\u00fancia foi feita &hellip;<\/p>\n","protected":false},"author":1,"featured_media":13785,"comment_status":"closed","ping_status":"closed","sticky":false,"template":"","format":"standard","meta":{"_jetpack_newsletter_access":"","_jetpack_dont_email_post_to_subs":false,"_jetpack_newsletter_tier_id":0,"_jetpack_memberships_contains_paywalled_content":false,"_jetpack_memberships_contains_paid_content":false,"footnotes":""},"categories":[1],"tags":[],"class_list":["post-13784","post","type-post","status-publish","format-standard","has-post-thumbnail","hentry","category-destaque"],"jetpack_sharing_enabled":true,"jetpack_featured_media_url":"","_links":{"self":[{"href":"https:\/\/www.oparanews.com.br\/index.php\/wp-json\/wp\/v2\/posts\/13784","targetHints":{"allow":["GET"]}}],"collection":[{"href":"https:\/\/www.oparanews.com.br\/index.php\/wp-json\/wp\/v2\/posts"}],"about":[{"href":"https:\/\/www.oparanews.com.br\/index.php\/wp-json\/wp\/v2\/types\/post"}],"author":[{"embeddable":true,"href":"https:\/\/www.oparanews.com.br\/index.php\/wp-json\/wp\/v2\/users\/1"}],"replies":[{"embeddable":true,"href":"https:\/\/www.oparanews.com.br\/index.php\/wp-json\/wp\/v2\/comments?post=13784"}],"version-history":[{"count":0,"href":"https:\/\/www.oparanews.com.br\/index.php\/wp-json\/wp\/v2\/posts\/13784\/revisions"}],"wp:attachment":[{"href":"https:\/\/www.oparanews.com.br\/index.php\/wp-json\/wp\/v2\/media?parent=13784"}],"wp:term":[{"taxonomy":"category","embeddable":true,"href":"https:\/\/www.oparanews.com.br\/index.php\/wp-json\/wp\/v2\/categories?post=13784"},{"taxonomy":"post_tag","embeddable":true,"href":"https:\/\/www.oparanews.com.br\/index.php\/wp-json\/wp\/v2\/tags?post=13784"}],"curies":[{"name":"wp","href":"https:\/\/api.w.org\/{rel}","templated":true}]}}