{"id":13787,"date":"2021-03-16T00:31:29","date_gmt":"2021-03-16T00:31:29","guid":{"rendered":"https:\/\/oparanews.com.br\/?p=13787"},"modified":"2021-03-16T00:31:29","modified_gmt":"2021-03-16T00:31:29","slug":"paulo-gustavo-e-internado-apos-testar-positivo-para-covid-19","status":"publish","type":"post","link":"https:\/\/www.oparanews.com.br\/index.php\/2021\/03\/16\/paulo-gustavo-e-internado-apos-testar-positivo-para-covid-19\/","title":{"rendered":"Paulo Gustavo \u00e9 internado ap\u00f3s testar positivo para covid-19"},"content":{"rendered":"<p>Paulo Gustavo, de 42 anos, est\u00e1 internado em um hospital do Rio de Janeiro desde o \u00faltimo s\u00e1bado (13), ap\u00f3s testar positivo para o novo coronav\u00edrus.<\/p>\n<p>Em nota \u00e0 imprensa, a equipe do humorista confirmou sua interna\u00e7\u00e3o, mas n\u00e3o deu muitos detalhes, como estado de sa\u00fade e o nome do hospital.<\/p>\n<p>\u201cConfirmamos por meio desta que o ator Paulo Gustavo deu entrada no hospital, no s\u00e1bado, 13 de mar\u00e7o, diagnosticado com Covid-19, onde foi internado por orienta\u00e7\u00e3o m\u00e9dica. O ator segue em acompanhamento e agradece o carinho e apoio de todos por sua recupera\u00e7\u00e3o\u201d.<\/p>\n<p>&nbsp;<\/p>\n<p><strong>Fonte: ISTO\u00c9<\/strong><\/p>\n<p>&nbsp;<\/p>\n","protected":false},"excerpt":{"rendered":"<p>Paulo Gustavo, de 42 anos, est\u00e1 internado em um hospital do Rio de Janeiro desde o \u00faltimo s\u00e1bado (13), ap\u00f3s testar positivo para o novo coronav\u00edrus. Em nota \u00e0 imprensa, a equipe do humorista confirmou sua interna\u00e7\u00e3o, mas n\u00e3o deu muitos detalhes, como estado de sa\u00fade e o nome do hospital. \u201cConfirmamos por meio desta &hellip;<\/p>\n","protected":false},"author":1,"featured_media":13788,"comment_status":"closed","ping_status":"closed","sticky":false,"template":"","format":"standard","meta":{"_jetpack_newsletter_access":"","_jetpack_dont_email_post_to_subs":false,"_jetpack_newsletter_tier_id":0,"_jetpack_memberships_contains_paywalled_content":false,"_jetpack_memberships_contains_paid_content":false,"footnotes":""},"categories":[1],"tags":[],"class_list":["post-13787","post","type-post","status-publish","format-standard","has-post-thumbnail","hentry","category-destaque"],"jetpack_sharing_enabled":true,"jetpack_featured_media_url":"","_links":{"self":[{"href":"https:\/\/www.oparanews.com.br\/index.php\/wp-json\/wp\/v2\/posts\/13787","targetHints":{"allow":["GET"]}}],"collection":[{"href":"https:\/\/www.oparanews.com.br\/index.php\/wp-json\/wp\/v2\/posts"}],"about":[{"href":"https:\/\/www.oparanews.com.br\/index.php\/wp-json\/wp\/v2\/types\/post"}],"author":[{"embeddable":true,"href":"https:\/\/www.oparanews.com.br\/index.php\/wp-json\/wp\/v2\/users\/1"}],"replies":[{"embeddable":true,"href":"https:\/\/www.oparanews.com.br\/index.php\/wp-json\/wp\/v2\/comments?post=13787"}],"version-history":[{"count":0,"href":"https:\/\/www.oparanews.com.br\/index.php\/wp-json\/wp\/v2\/posts\/13787\/revisions"}],"wp:attachment":[{"href":"https:\/\/www.oparanews.com.br\/index.php\/wp-json\/wp\/v2\/media?parent=13787"}],"wp:term":[{"taxonomy":"category","embeddable":true,"href":"https:\/\/www.oparanews.com.br\/index.php\/wp-json\/wp\/v2\/categories?post=13787"},{"taxonomy":"post_tag","embeddable":true,"href":"https:\/\/www.oparanews.com.br\/index.php\/wp-json\/wp\/v2\/tags?post=13787"}],"curies":[{"name":"wp","href":"https:\/\/api.w.org\/{rel}","templated":true}]}}