{"id":13799,"date":"2021-03-16T12:58:59","date_gmt":"2021-03-16T12:58:59","guid":{"rendered":"https:\/\/oparanews.com.br\/?p=13799"},"modified":"2021-03-16T12:58:59","modified_gmt":"2021-03-16T12:58:59","slug":"prefeitura-de-penedo-prorroga-prazo-para-pagamento-da-tlf","status":"publish","type":"post","link":"https:\/\/www.oparanews.com.br\/index.php\/2021\/03\/16\/prefeitura-de-penedo-prorroga-prazo-para-pagamento-da-tlf\/","title":{"rendered":"Prefeitura de Penedo prorroga prazo para pagamento da TLF"},"content":{"rendered":"<p>Empres\u00e1rio com empreendimento funcionando em Penedo, seja qual for o porte, tem at\u00e9 o pr\u00f3ximo dia 30 de abril para pagar a Taxa de Localiza\u00e7\u00e3o e Funcionamento (TLF).<\/p>\n<p>O imposto referente ao ano 2021 teve seu prazo de vencimento alterado pela Secretaria Municipal de Fazenda (SEMFAZ). A data final para quitar a taxa era 31 de mar\u00e7o, ou seja, o final do m\u00eas em curso.<\/p>\n<p>A extens\u00e3o do per\u00edodo consta na Portaria n\u00ba 001\/2021 da SEMFAZ, publicada nesta segunda-feira, 15, no di\u00e1rio eletr\u00f4nico da Prefeitura de Penedo.<\/p>\n<p>O ato administrativo tem como objetivo evitar preju\u00edzos aos contribuintes que n\u00e3o receberam o carn\u00ea da TLF em tempo h\u00e1bil, para o devido recolhimento aos cofres da municipalidade.<\/p>\n<p>Quem ainda n\u00e3o tem o carn\u00ea pode retirar no portal do contribuinte, clicando neste link, ou na sede da Coordenadoria de Tributos, localizada na Avenida Get\u00falio Vargas, n\u00ba 284, Centro, no hor\u00e1rio das 7h30 \u00e0s 13h30.<\/p>\n<p>&nbsp;<\/p>\n<p><strong>Fonte: Decom PMP<\/strong><\/p>\n<p>&nbsp;<\/p>\n","protected":false},"excerpt":{"rendered":"<p>Empres\u00e1rio com empreendimento funcionando em Penedo, seja qual for o porte, tem at\u00e9 o pr\u00f3ximo dia 30 de abril para pagar a Taxa de Localiza\u00e7\u00e3o e Funcionamento (TLF). O imposto referente ao ano 2021 teve seu prazo de vencimento alterado pela Secretaria Municipal de Fazenda (SEMFAZ). A data final para quitar a taxa era 31 &hellip;<\/p>\n","protected":false},"author":1,"featured_media":13800,"comment_status":"closed","ping_status":"closed","sticky":false,"template":"","format":"standard","meta":{"_jetpack_newsletter_access":"","_jetpack_dont_email_post_to_subs":false,"_jetpack_newsletter_tier_id":0,"_jetpack_memberships_contains_paywalled_content":false,"_jetpack_memberships_contains_paid_content":false,"footnotes":""},"categories":[1],"tags":[],"class_list":["post-13799","post","type-post","status-publish","format-standard","has-post-thumbnail","hentry","category-destaque"],"jetpack_sharing_enabled":true,"jetpack_featured_media_url":"","_links":{"self":[{"href":"https:\/\/www.oparanews.com.br\/index.php\/wp-json\/wp\/v2\/posts\/13799","targetHints":{"allow":["GET"]}}],"collection":[{"href":"https:\/\/www.oparanews.com.br\/index.php\/wp-json\/wp\/v2\/posts"}],"about":[{"href":"https:\/\/www.oparanews.com.br\/index.php\/wp-json\/wp\/v2\/types\/post"}],"author":[{"embeddable":true,"href":"https:\/\/www.oparanews.com.br\/index.php\/wp-json\/wp\/v2\/users\/1"}],"replies":[{"embeddable":true,"href":"https:\/\/www.oparanews.com.br\/index.php\/wp-json\/wp\/v2\/comments?post=13799"}],"version-history":[{"count":0,"href":"https:\/\/www.oparanews.com.br\/index.php\/wp-json\/wp\/v2\/posts\/13799\/revisions"}],"wp:attachment":[{"href":"https:\/\/www.oparanews.com.br\/index.php\/wp-json\/wp\/v2\/media?parent=13799"}],"wp:term":[{"taxonomy":"category","embeddable":true,"href":"https:\/\/www.oparanews.com.br\/index.php\/wp-json\/wp\/v2\/categories?post=13799"},{"taxonomy":"post_tag","embeddable":true,"href":"https:\/\/www.oparanews.com.br\/index.php\/wp-json\/wp\/v2\/tags?post=13799"}],"curies":[{"name":"wp","href":"https:\/\/api.w.org\/{rel}","templated":true}]}}