{"id":13802,"date":"2021-03-16T23:14:32","date_gmt":"2021-03-16T23:14:32","guid":{"rendered":"https:\/\/oparanews.com.br\/?p=13802"},"modified":"2021-03-16T23:14:32","modified_gmt":"2021-03-16T23:14:32","slug":"prefeitura-de-penedo-e-fundacao-raimundo-marinho-assinam-convenio","status":"publish","type":"post","link":"https:\/\/www.oparanews.com.br\/index.php\/2021\/03\/16\/prefeitura-de-penedo-e-fundacao-raimundo-marinho-assinam-convenio\/","title":{"rendered":"Prefeitura de Penedo e Funda\u00e7\u00e3o Raimundo Marinho assinam conv\u00eanio"},"content":{"rendered":"<p>A Prefeitura de Penedo (PMP) e a Funda\u00e7\u00e3o Educacional do Baixo S\u00e3o Francisco Dr. Raimundo Marinho (FEBSFRM) abrem as portas da qualifica\u00e7\u00e3o profissional e pessoal para funcion\u00e1rios municipais, benef\u00edcio extensivo para familiares dos servidores.<\/p>\n<p>O Prefeito Ronaldo Lopes e o presidente da Funda\u00e7\u00e3o Lucas Romariz Pontes firmaram um conv\u00eanio nesta ter\u00e7a-feira, 16, parceria que estabelece desconto na matr\u00edcula e nas mensalidades dos cursos de n\u00edvel superior para trabalhadores efetivos, contratados e comissionados da Prefeitura de Penedo.<\/p>\n<p>Al\u00e9m do funcionalismo municipal, a articula\u00e7\u00e3o entre PMP e FEBFSRM inclui parentes de 1\u00ba e 2\u00ba grau dos servidores da Prefeitura de Penedo.<\/p>\n<p>Para ter acesso ao benef\u00edcio, o funcion\u00e1rio precisa ser aprovado no processo seletivo da funda\u00e7\u00e3o cujo acesso ocorre de forma on-line, <a href=\"https:\/\/informacoes.frm.edu.br\/vestibular-2021-penedo\"><strong>no seguinte link<\/strong><\/a>.<\/p>\n<p>O desconto v\u00e1lido por cinco anos tem percentual de 60% para os aprovados em Administra\u00e7\u00e3o, Direito, Pedagogia, Gest\u00e3o de Recursos Humanos e Gest\u00e3o P\u00fablica.<\/p>\n<p>Para os aprovados em Enfermagem, o percentual de desconto \u00e9 de 55%.<\/p>\n<p>O conv\u00eanio prev\u00ea que o benef\u00edcio \u00e9 assegurando enquanto o funcion\u00e1rio estiver vinculado com a Prefeitura de Penedo, observando ainda a data do pagamento com desconto, at\u00e9 o dia 05 de cada m\u00eas.<\/p>\n<p>Em caso de perda do prazo, o valor a ser pago \u00e9 o praticado sem desconto, acrescido de juros e multa.<\/p>\n<p>&nbsp;<\/p>\n<p><strong>por Fernando Vin\u00edcius \u2013 Decom PMP<\/strong><\/p>\n<p>&nbsp;<\/p>\n","protected":false},"excerpt":{"rendered":"<p>A Prefeitura de Penedo (PMP) e a Funda\u00e7\u00e3o Educacional do Baixo S\u00e3o Francisco Dr. Raimundo Marinho (FEBSFRM) abrem as portas da qualifica\u00e7\u00e3o profissional e pessoal para funcion\u00e1rios municipais, benef\u00edcio extensivo para familiares dos servidores. O Prefeito Ronaldo Lopes e o presidente da Funda\u00e7\u00e3o Lucas Romariz Pontes firmaram um conv\u00eanio nesta ter\u00e7a-feira, 16, parceria que estabelece &hellip;<\/p>\n","protected":false},"author":1,"featured_media":13803,"comment_status":"closed","ping_status":"closed","sticky":false,"template":"","format":"standard","meta":{"_jetpack_newsletter_access":"","_jetpack_dont_email_post_to_subs":false,"_jetpack_newsletter_tier_id":0,"_jetpack_memberships_contains_paywalled_content":false,"_jetpack_memberships_contains_paid_content":false,"footnotes":""},"categories":[1],"tags":[],"class_list":["post-13802","post","type-post","status-publish","format-standard","has-post-thumbnail","hentry","category-destaque"],"jetpack_sharing_enabled":true,"jetpack_featured_media_url":"","_links":{"self":[{"href":"https:\/\/www.oparanews.com.br\/index.php\/wp-json\/wp\/v2\/posts\/13802","targetHints":{"allow":["GET"]}}],"collection":[{"href":"https:\/\/www.oparanews.com.br\/index.php\/wp-json\/wp\/v2\/posts"}],"about":[{"href":"https:\/\/www.oparanews.com.br\/index.php\/wp-json\/wp\/v2\/types\/post"}],"author":[{"embeddable":true,"href":"https:\/\/www.oparanews.com.br\/index.php\/wp-json\/wp\/v2\/users\/1"}],"replies":[{"embeddable":true,"href":"https:\/\/www.oparanews.com.br\/index.php\/wp-json\/wp\/v2\/comments?post=13802"}],"version-history":[{"count":0,"href":"https:\/\/www.oparanews.com.br\/index.php\/wp-json\/wp\/v2\/posts\/13802\/revisions"}],"wp:attachment":[{"href":"https:\/\/www.oparanews.com.br\/index.php\/wp-json\/wp\/v2\/media?parent=13802"}],"wp:term":[{"taxonomy":"category","embeddable":true,"href":"https:\/\/www.oparanews.com.br\/index.php\/wp-json\/wp\/v2\/categories?post=13802"},{"taxonomy":"post_tag","embeddable":true,"href":"https:\/\/www.oparanews.com.br\/index.php\/wp-json\/wp\/v2\/tags?post=13802"}],"curies":[{"name":"wp","href":"https:\/\/api.w.org\/{rel}","templated":true}]}}