{"id":13805,"date":"2021-03-16T23:16:22","date_gmt":"2021-03-16T23:16:22","guid":{"rendered":"https:\/\/oparanews.com.br\/?p=13805"},"modified":"2021-03-16T23:16:22","modified_gmt":"2021-03-16T23:16:22","slug":"prefeitura-de-penedo-oferece-apoio-tecnico-ao-homem-do-campo","status":"publish","type":"post","link":"https:\/\/www.oparanews.com.br\/index.php\/2021\/03\/16\/prefeitura-de-penedo-oferece-apoio-tecnico-ao-homem-do-campo\/","title":{"rendered":"Prefeitura de Penedo oferece apoio t\u00e9cnico ao homem do campo"},"content":{"rendered":"<p>A Prefeitura de Penedo, por meio da Secretaria Municipal de Abastecimento e Desenvolvimento Agr\u00edcola (SEMADA), oferece apoio t\u00e9cnico ao homem do campo penedense, assist\u00eancia que incentiva a produ\u00e7\u00e3o com orienta\u00e7\u00e3o especializada e uso de m\u00e1quinas e implementos agr\u00edcolas.<\/p>\n<p>O trabalho \u00e9 desenvolvido por equipe formada por t\u00e9cnicos agr\u00edcolas, engenheiro agr\u00f4nomo, dentre outros profissionais, com acompanhamento regular aos pequenos produtores rurais que est\u00e3o sendo beneficiados com projetos como Feira da Agricultura Familiar e as vendas para o PNAE- Programa Nacional de Alimenta\u00e7\u00e3o Escolar.<\/p>\n<p>Um dos agricultores que receberam a visita t\u00e9cnica da SEMADA Penedo foi Expedito Ant\u00f4nio dos Santos, mais conhecido como Seu Nen\u00ea.<\/p>\n<p>Ele planta 17 tarefas de terra, entre mam\u00e3o, banana, caj\u00e1, dentre outras variedades, no antigo Projeto Amanh\u00e3, localizado nas imedia\u00e7\u00f5es do Povoado Ponta Mofina e comercializa a produ\u00e7\u00e3o na Feira da Agricultura Familiar.<\/p>\n<p>Seu Nen\u00ea destaca a import\u00e2ncia de a\u00e7\u00f5es dessa natureza por parte da Prefeitura de Penedo, salientando que tem \u00e0 disposi\u00e7\u00e3o m\u00e1quinas como trator e ca\u00e7amba, disponibilizadas pela municipalidade.<\/p>\n<p>\u201cApesar dos problemas relacionados com a pandemia de Covid-19, n\u00e3o podemos ficar parado e a Prefeitura nos ajuda muito nisso. Nasci para trabalhar com agricultura e gosto muito, pois cura minhas dores e \u00e9 um rem\u00e9dio para vida\u201d, afirmou seu Nen\u00ea.<\/p>\n<p><strong>Apoio T\u00e9cnico<\/strong><\/p>\n<p>De acordo com o Engenheiro Agr\u00f4nomo Lu\u00eds Alberto Barros, integrante da equipe t\u00e9cnica da SEMADA Penedo, que tem a frente o Secret\u00e1rio Pedro Felipe Queiroz de Azevedo Santos, est\u00e1 sendo realizado um diagn\u00f3stico da Agricultura Familiar em toda zona rural do munic\u00edpio.<\/p>\n<p>Dessa forma, est\u00e3o sendo visitados agricultores familiares para oferecer toda assist\u00eancia t\u00e9cnica necess\u00e1ria e colocar a estrutura existente em benef\u00edcio do Agricultor Familiar.<\/p>\n<p>\u201cUma das prioridades da gest\u00e3o Ronaldo Lopes\/ Jo\u00e3o Lucas \u00e9 chegar junto ao homem do campo, por isso estamos fazendo esse trabalho, oferecendo o aux\u00edlio necess\u00e1rio para que os trabalhadores da agricultura familiar do munic\u00edpio tenha todo suporte para exercer suas atividades. Quanto mais a gente investe em agricultura, mais gera\u00e7\u00e3o de emprego e renda estamos proporcionando para a popula\u00e7\u00e3o penedense, sobretudo aos moradores da zona rural\u201d, explica o Engenheiro Agr\u00f4nomo.<\/p>\n<p><strong>Produ\u00e7\u00e3o<\/strong><\/p>\n<p>Outro agricultor beneficiado pelas a\u00e7\u00f5es da Prefeitura de Penedo \u00e9 Hil\u00e1rio Jos\u00e9 Rodrigues, propriet\u00e1rio de um lote no Povoado S\u00edtio Naz\u00e1rio.<\/p>\n<p>No local s\u00e3o plantados alface, cebolinha, inhame, acerola, dentre outros produtos tamb\u00e9m vendidos na Feira da Agricultura Familiar. Al\u00e9m dele, trabalham no local sua esposa, seus tr\u00eas filhos e sua filha.<\/p>\n<p>Hil\u00e1rio Jos\u00e9 Rodrigues agradece as a\u00e7\u00f5es desenvolvidas pela SEMADA Penedo, apoio t\u00e9cnico importante no combate a pragas, sem o uso de agrot\u00f3xicos, na qual s\u00e3o utilizados produtos org\u00e2nicos como a borra da cana-de-a\u00e7\u00facar e adubos tamb\u00e9m produzidos de forma natural.<\/p>\n<p>A equipe que realiza as visitas tamb\u00e9m conta com os t\u00e9cnicos agr\u00edcolas Ricardo Camilo e Michel Douglas.<\/p>\n<p>Eles s\u00e3o respons\u00e1veis por avaliar o estado do plantio das diversas variedades, an\u00e1lise de solo, dentre outros procedimentos e auxiliar os produtores com o conhecimento necess\u00e1rio, para alavancar a produ\u00e7\u00e3o agr\u00edcola em Penedo.<\/p>\n<p>&nbsp;<\/p>\n<p><strong>por Thiago Sobral &#8211; Decom PMP<\/strong><\/p>\n<p>&nbsp;<\/p>\n","protected":false},"excerpt":{"rendered":"<p>A Prefeitura de Penedo, por meio da Secretaria Municipal de Abastecimento e Desenvolvimento Agr\u00edcola (SEMADA), oferece apoio t\u00e9cnico ao homem do campo penedense, assist\u00eancia que incentiva a produ\u00e7\u00e3o com orienta\u00e7\u00e3o especializada e uso de m\u00e1quinas e implementos agr\u00edcolas. O trabalho \u00e9 desenvolvido por equipe formada por t\u00e9cnicos agr\u00edcolas, engenheiro agr\u00f4nomo, dentre outros profissionais, com acompanhamento &hellip;<\/p>\n","protected":false},"author":1,"featured_media":13806,"comment_status":"closed","ping_status":"closed","sticky":false,"template":"","format":"standard","meta":{"_jetpack_newsletter_access":"","_jetpack_dont_email_post_to_subs":false,"_jetpack_newsletter_tier_id":0,"_jetpack_memberships_contains_paywalled_content":false,"_jetpack_memberships_contains_paid_content":false,"footnotes":""},"categories":[1],"tags":[],"class_list":["post-13805","post","type-post","status-publish","format-standard","has-post-thumbnail","hentry","category-destaque"],"jetpack_sharing_enabled":true,"jetpack_featured_media_url":"","_links":{"self":[{"href":"https:\/\/www.oparanews.com.br\/index.php\/wp-json\/wp\/v2\/posts\/13805","targetHints":{"allow":["GET"]}}],"collection":[{"href":"https:\/\/www.oparanews.com.br\/index.php\/wp-json\/wp\/v2\/posts"}],"about":[{"href":"https:\/\/www.oparanews.com.br\/index.php\/wp-json\/wp\/v2\/types\/post"}],"author":[{"embeddable":true,"href":"https:\/\/www.oparanews.com.br\/index.php\/wp-json\/wp\/v2\/users\/1"}],"replies":[{"embeddable":true,"href":"https:\/\/www.oparanews.com.br\/index.php\/wp-json\/wp\/v2\/comments?post=13805"}],"version-history":[{"count":0,"href":"https:\/\/www.oparanews.com.br\/index.php\/wp-json\/wp\/v2\/posts\/13805\/revisions"}],"wp:attachment":[{"href":"https:\/\/www.oparanews.com.br\/index.php\/wp-json\/wp\/v2\/media?parent=13805"}],"wp:term":[{"taxonomy":"category","embeddable":true,"href":"https:\/\/www.oparanews.com.br\/index.php\/wp-json\/wp\/v2\/categories?post=13805"},{"taxonomy":"post_tag","embeddable":true,"href":"https:\/\/www.oparanews.com.br\/index.php\/wp-json\/wp\/v2\/tags?post=13805"}],"curies":[{"name":"wp","href":"https:\/\/api.w.org\/{rel}","templated":true}]}}