{"id":13808,"date":"2021-03-16T23:17:59","date_gmt":"2021-03-16T23:17:59","guid":{"rendered":"https:\/\/oparanews.com.br\/?p=13808"},"modified":"2021-03-16T23:17:59","modified_gmt":"2021-03-16T23:17:59","slug":"governo-de-alagoas-regride-todo-o-estado-para-a-fase-vermelha-do-distanciamento-social","status":"publish","type":"post","link":"https:\/\/www.oparanews.com.br\/index.php\/2021\/03\/16\/governo-de-alagoas-regride-todo-o-estado-para-a-fase-vermelha-do-distanciamento-social\/","title":{"rendered":"Governo de Alagoas regride todo o estado para a fase vermelha do distanciamento social"},"content":{"rendered":"<p>Com a piora nos indicadores da pandemia do coronav\u00edrus em Alagoas, o governador Renan Filho (MDB) decretou o retorno de todos os munic\u00edpios para a fase vermelha, com fechamento de com\u00e9rcio, praias e shoppings aos fins de semana e restri\u00e7\u00e3o a circula\u00e7\u00e3o de pessoas. A medida tem validade de 14 dias, a partir de 0h de sexta-feira (19).<\/p>\n<p>As fases de distanciamento no estado s\u00e3o classificadas em cinco etapas, nas cores vermelha, laranja, amarela, azul e verde (a mais flex\u00edvel).<\/p>\n<p>A mudan\u00e7a foi anunciada em entrevista coletiva online realizada na tarde desta ter\u00e7a (16). O \u00faltimo decreto mantinha na fase laranja Macei\u00f3 e regi\u00e3o, Zona da Mata e Litoral. Apenas as regi\u00f5es Agreste e Sert\u00e3o j\u00e1 estavam na fase vermelha.<\/p>\n<p>Na coletiva, o governo deixou claro que n\u00e3o vai paralisar as escolas. As aulas presenciais nas escolas particulares continuam acontecendo no modelo h\u00edbrido (presencial e on-line). Nas escolas p\u00fablicas, as aulas acontecem apenas no formato online.<\/p>\n<p><strong>As principais mudan\u00e7as do novo decreto<\/strong><\/p>\n<p>Restri\u00e7\u00e3o de hor\u00e1rio de circula\u00e7\u00e3o &#8211; enquanto durar a fase vermelha, nenhum cidad\u00e3o poder\u00e1 circular entre 21h e 5h, exceto se tiver cumprindo alguma necessidade essencial (veja ao final do texto os servi\u00e7os autorizados)<br \/>\nBares e restaurantes &#8211; proibido o funcionamento, sendo autorizado apenas na modalidade delivery e &#8220;pegue e leve&#8221;<br \/>\nAcademias &#8211; com 30% de ocupa\u00e7\u00e3o, mas com agendamento. Sendo vedado o atendimento de pessoas com comorbidade ou mais de 60 anos<br \/>\nIgrejas &#8211; com 30% da capacidade<br \/>\nSal\u00f5es de beleza &#8211; com 50% da capacidade, mas atendimento somente com agendamento<br \/>\nTransporte intermunicipal &#8211; vedado integralmente enquanto durar o decreto<br \/>\nPraias, cal\u00e7ad\u00f5es, lagoas, rios e clubes &#8211; proibido o funcionamento aos fins de semana. Fica autorizado o acesso de pessoas de segunda a sexta, mas em pequenos grupos ou individualmente<br \/>\nBancos e casas lot\u00e9ricas &#8211; continua mantido o funcionamento<\/p>\n<p>Sobre a restri\u00e7\u00e3o de hor\u00e1rio de circula\u00e7\u00e3o, o governador explicou que &#8220;quem n\u00e3o obedecer e n\u00e3o tiver motivo para estar na rua, a Pol\u00edcia Militar vai acompanhar at\u00e9 a sua resid\u00eancia&#8221;.<\/p>\n<p><strong>Com\u00e9rcios e shoppings<\/strong><\/p>\n<p>A fase vermelha, originalmente, n\u00e3o autorizava funcionamento do com\u00e9rcio, mas dessa vez fica autorizada a abertura de lojas, seguindo restri\u00e7\u00f5es de dias e hor\u00e1rios para cada segmento:<\/p>\n<p>Centro &#8211; 9h \u00e0s 17h, sendo proibido o funcionamento aos s\u00e1bados, domingos e \u00e0s segundas-feiras<br \/>\nLojas de rua e galeria &#8211; 10h \u00e0s 18h, sendo proibido o funcionamento aos s\u00e1bados, domingos e segundas-feiras<br \/>\nShoppings &#8211; 11h \u00e0s 20h, sendo proibido o funcionamento aos s\u00e1bados, domingos e ter\u00e7as-feiras<\/p>\n<p>Para o endurecimento das medidas, o fator determinante foi o aumento da taxa de mortes por Covid-19 no estado, saindo do patamar de 80 \u00f3bitos por semana para 131 \u00f3bitos por semana.<\/p>\n<p>&#8220;Tem estado que j\u00e1 tem mais de mil pessoas na fila em busca de um leito pra tratar Covid, tem estado em que as pessoas est\u00e3o morrendo sem ter acesso a um leito de UTI, sem respirador e sem oxig\u00eanio. \u00c9 isso que a gente n\u00e3o quer ver chegar aqui e por isso n\u00f3s precisaremos interromper algumas atividades, levando todo o estado para a \u00e1rea vermelha&#8221;, disse Renan Filho.<\/p>\n<p>&nbsp;<\/p>\n<p><strong>Fonte: G1\/AL<\/strong><\/p>\n<p>&nbsp;<\/p>\n","protected":false},"excerpt":{"rendered":"<p>Com a piora nos indicadores da pandemia do coronav\u00edrus em Alagoas, o governador Renan Filho (MDB) decretou o retorno de todos os munic\u00edpios para a fase vermelha, com fechamento de com\u00e9rcio, praias e shoppings aos fins de semana e restri\u00e7\u00e3o a circula\u00e7\u00e3o de pessoas. A medida tem validade de 14 dias, a partir de 0h &hellip;<\/p>\n","protected":false},"author":1,"featured_media":13809,"comment_status":"closed","ping_status":"closed","sticky":false,"template":"","format":"standard","meta":{"_jetpack_newsletter_access":"","_jetpack_dont_email_post_to_subs":false,"_jetpack_newsletter_tier_id":0,"_jetpack_memberships_contains_paywalled_content":false,"_jetpack_memberships_contains_paid_content":false,"footnotes":""},"categories":[1],"tags":[],"class_list":["post-13808","post","type-post","status-publish","format-standard","has-post-thumbnail","hentry","category-destaque"],"jetpack_sharing_enabled":true,"jetpack_featured_media_url":"","_links":{"self":[{"href":"https:\/\/www.oparanews.com.br\/index.php\/wp-json\/wp\/v2\/posts\/13808","targetHints":{"allow":["GET"]}}],"collection":[{"href":"https:\/\/www.oparanews.com.br\/index.php\/wp-json\/wp\/v2\/posts"}],"about":[{"href":"https:\/\/www.oparanews.com.br\/index.php\/wp-json\/wp\/v2\/types\/post"}],"author":[{"embeddable":true,"href":"https:\/\/www.oparanews.com.br\/index.php\/wp-json\/wp\/v2\/users\/1"}],"replies":[{"embeddable":true,"href":"https:\/\/www.oparanews.com.br\/index.php\/wp-json\/wp\/v2\/comments?post=13808"}],"version-history":[{"count":0,"href":"https:\/\/www.oparanews.com.br\/index.php\/wp-json\/wp\/v2\/posts\/13808\/revisions"}],"wp:attachment":[{"href":"https:\/\/www.oparanews.com.br\/index.php\/wp-json\/wp\/v2\/media?parent=13808"}],"wp:term":[{"taxonomy":"category","embeddable":true,"href":"https:\/\/www.oparanews.com.br\/index.php\/wp-json\/wp\/v2\/categories?post=13808"},{"taxonomy":"post_tag","embeddable":true,"href":"https:\/\/www.oparanews.com.br\/index.php\/wp-json\/wp\/v2\/tags?post=13808"}],"curies":[{"name":"wp","href":"https:\/\/api.w.org\/{rel}","templated":true}]}}