{"id":13811,"date":"2021-03-17T00:03:33","date_gmt":"2021-03-17T00:03:33","guid":{"rendered":"https:\/\/oparanews.com.br\/?p=13811"},"modified":"2021-03-17T00:03:33","modified_gmt":"2021-03-17T00:03:33","slug":"brasil-registra-2-798-mortes-por-covid-em-24h-e-bate-recorde","status":"publish","type":"post","link":"https:\/\/www.oparanews.com.br\/index.php\/2021\/03\/17\/brasil-registra-2-798-mortes-por-covid-em-24h-e-bate-recorde\/","title":{"rendered":"Brasil registra 2.798 mortes por Covid em 24h e bate recorde"},"content":{"rendered":"<p>O Brasil registrou novo recorde com 2.798 mortes pela Covid-19 nas \u00faltimas 24 horas e totalizou nesta ter\u00e7a-feira (16) 282.400 \u00f3bitos. Com isso, a m\u00e9dia m\u00f3vel de mortes no pa\u00eds nos \u00faltimos 7 dias chegou a 1.976, tamb\u00e9m um novo recorde. Em compara\u00e7\u00e3o \u00e0 m\u00e9dia de 14 dias atr\u00e1s, a varia\u00e7\u00e3o foi de +48%, indicando tend\u00eancia de alta nos \u00f3bitos pela doen\u00e7a.<\/p>\n<p>\u00c9 o que mostra novo levantamento do cons\u00f3rcio de ve\u00edculos de imprensa sobre a situa\u00e7\u00e3o da pandemia de coronav\u00edrus no Brasil a partir de dados das secretarias estaduais de Sa\u00fade, consolidados \u00e0s 20h desta ter\u00e7a.<\/p>\n<p>J\u00e1 s\u00e3o 55 dias seguidos com a m\u00e9dia m\u00f3vel de mortes acima da marca de 1 mil, e pelo nono dia a marca aparece acima de 1,5 mil, aproximando-se agora de 2 mil. Foram 18 recordes seguidos nesse \u00edndice, registrados de 27 de fevereiro at\u00e9 aqui.<\/p>\n<p>Em casos confirmados, desde o come\u00e7o da pandemia 11.609.601 brasileiros j\u00e1 tiveram ou t\u00eam o novo coronav\u00edrus, com 84.124 desses confirmados no \u00faltimo dia. Tamb\u00e9m \u00e9 a maior marca de diagn\u00f3sticos em 24 horas j\u00e1 registrada at\u00e9 aqui. A m\u00e9dia m\u00f3vel nos \u00faltimos 7 dias foi de 69.226 novos diagn\u00f3sticos por dia. Isso representa uma varia\u00e7\u00e3o de +22% em rela\u00e7\u00e3o aos casos registrados em duas semanas, o que indica tend\u00eancia de alta tamb\u00e9m nos diagn\u00f3sticos.<\/p>\n<p>Vinte e dois estados e o Distrito Federal est\u00e3o com alta nas mortes: PR, RS, SC, ES, MG, SP, DF, GO, MS, MT, AC, AP, PA, RO, TO, AL, CE, MA, PB, PE, PI, RN e SE.<\/p>\n<p><strong>Brasil, 16 de mar\u00e7o<\/strong><\/p>\n<p>Total de mortes: 282.400<br \/>\nRegistro de mortes em 24 horas: 2.798<br \/>\nM\u00e9dia de novas mortes nos \u00faltimos 7 dias: 1.976 (varia\u00e7\u00e3o em 14 dias: +48%)<br \/>\nTotal de casos confirmados: 11.609.601<br \/>\nRegistro de casos confirmados em 24 horas: 84.124<br \/>\nM\u00e9dia de novos casos nos \u00faltimos 7 dias: 69.226 por dia (varia\u00e7\u00e3o em 14 dias: +22%)<\/p>\n<p>&nbsp;<\/p>\n<p><strong>Fonte: G1<\/strong><\/p>\n<p>&nbsp;<\/p>\n","protected":false},"excerpt":{"rendered":"<p>O Brasil registrou novo recorde com 2.798 mortes pela Covid-19 nas \u00faltimas 24 horas e totalizou nesta ter\u00e7a-feira (16) 282.400 \u00f3bitos. Com isso, a m\u00e9dia m\u00f3vel de mortes no pa\u00eds nos \u00faltimos 7 dias chegou a 1.976, tamb\u00e9m um novo recorde. Em compara\u00e7\u00e3o \u00e0 m\u00e9dia de 14 dias atr\u00e1s, a varia\u00e7\u00e3o foi de +48%, indicando &hellip;<\/p>\n","protected":false},"author":1,"featured_media":13812,"comment_status":"closed","ping_status":"closed","sticky":false,"template":"","format":"standard","meta":{"_jetpack_newsletter_access":"","_jetpack_dont_email_post_to_subs":false,"_jetpack_newsletter_tier_id":0,"_jetpack_memberships_contains_paywalled_content":false,"_jetpack_memberships_contains_paid_content":false,"footnotes":""},"categories":[1],"tags":[],"class_list":["post-13811","post","type-post","status-publish","format-standard","has-post-thumbnail","hentry","category-destaque"],"jetpack_sharing_enabled":true,"jetpack_featured_media_url":"","_links":{"self":[{"href":"https:\/\/www.oparanews.com.br\/index.php\/wp-json\/wp\/v2\/posts\/13811","targetHints":{"allow":["GET"]}}],"collection":[{"href":"https:\/\/www.oparanews.com.br\/index.php\/wp-json\/wp\/v2\/posts"}],"about":[{"href":"https:\/\/www.oparanews.com.br\/index.php\/wp-json\/wp\/v2\/types\/post"}],"author":[{"embeddable":true,"href":"https:\/\/www.oparanews.com.br\/index.php\/wp-json\/wp\/v2\/users\/1"}],"replies":[{"embeddable":true,"href":"https:\/\/www.oparanews.com.br\/index.php\/wp-json\/wp\/v2\/comments?post=13811"}],"version-history":[{"count":0,"href":"https:\/\/www.oparanews.com.br\/index.php\/wp-json\/wp\/v2\/posts\/13811\/revisions"}],"wp:attachment":[{"href":"https:\/\/www.oparanews.com.br\/index.php\/wp-json\/wp\/v2\/media?parent=13811"}],"wp:term":[{"taxonomy":"category","embeddable":true,"href":"https:\/\/www.oparanews.com.br\/index.php\/wp-json\/wp\/v2\/categories?post=13811"},{"taxonomy":"post_tag","embeddable":true,"href":"https:\/\/www.oparanews.com.br\/index.php\/wp-json\/wp\/v2\/tags?post=13811"}],"curies":[{"name":"wp","href":"https:\/\/api.w.org\/{rel}","templated":true}]}}