{"id":13814,"date":"2021-03-17T00:12:19","date_gmt":"2021-03-17T00:12:19","guid":{"rendered":"https:\/\/oparanews.com.br\/?p=13814"},"modified":"2021-03-17T00:12:19","modified_gmt":"2021-03-17T00:12:19","slug":"pf-abre-inquerito-para-investigar-filho-04-de-bolsonaro","status":"publish","type":"post","link":"https:\/\/www.oparanews.com.br\/index.php\/2021\/03\/17\/pf-abre-inquerito-para-investigar-filho-04-de-bolsonaro\/","title":{"rendered":"PF abre inqu\u00e9rito para investigar filho de Bolsonaro"},"content":{"rendered":"<p>A Pol\u00edcia Federal abriu nesta segunda-feira, 15, um inqu\u00e9rito para apurar neg\u00f3cios envolvendo o filho mais novo do presidente Jair Bolsonaro, Jair Renan Bolsonaro. A procuradoria da Rep\u00fablica no Distrito Federal aponta que apura\u00e7\u00e3o \u00e9 derivada do procedimento preliminar que foi aberto pelo Minist\u00e9rio P\u00fablico Federal para apurar poss\u00edveis crimes de tr\u00e1fico de influ\u00eancia e lavagem de dinheiro envolvendo um grupo empresarial do setor de minera\u00e7\u00e3o o filho &#8217;04&#8217; de Bolsonaro.<\/p>\n<p>Segundo o jornal O Globo, Jair Renan teria recebido um carro el\u00e9trico de representantes da Gramazini Granitos e M\u00e1rmores Thomazini, avaliado em R$ 90 mil. Um m\u00eas ap\u00f3s a doa\u00e7\u00e3o, em outubro do ano passado, a empresa conseguiu agendar um encontro com o ministro do Desenvolvimento Regional, Rog\u00e9rio Marinho, do qual tamb\u00e9m participou Renan.<\/p>\n<p>O advogado Frederick Wassef, que representa Renan, negou a acusa\u00e7\u00e3o. &#8220;Fui constitu\u00eddo como advogado de Jair Renan para defend\u00ea-lo e vou requerer c\u00f3pia na \u00edntegra desse processo. N\u00e3o tem nenhum carro, ele nem atuou para abrir porta para ningu\u00e9m. Jair Renan nem sabe da exist\u00eancia desse carro. Ele n\u00e3o tem carro nenhum, inclusive. \u00c9 mais um ato para atingir o presidente da Rep\u00fablica&#8221;, disse Wassef ao Estad\u00e3o.<\/p>\n<p>&nbsp;<\/p>\n<p><strong>Fonte: Terra<\/strong><\/p>\n<p>&nbsp;<\/p>\n","protected":false},"excerpt":{"rendered":"<p>A Pol\u00edcia Federal abriu nesta segunda-feira, 15, um inqu\u00e9rito para apurar neg\u00f3cios envolvendo o filho mais novo do presidente Jair Bolsonaro, Jair Renan Bolsonaro. A procuradoria da Rep\u00fablica no Distrito Federal aponta que apura\u00e7\u00e3o \u00e9 derivada do procedimento preliminar que foi aberto pelo Minist\u00e9rio P\u00fablico Federal para apurar poss\u00edveis crimes de tr\u00e1fico de influ\u00eancia e &hellip;<\/p>\n","protected":false},"author":1,"featured_media":13815,"comment_status":"closed","ping_status":"closed","sticky":false,"template":"","format":"standard","meta":{"_jetpack_newsletter_access":"","_jetpack_dont_email_post_to_subs":false,"_jetpack_newsletter_tier_id":0,"_jetpack_memberships_contains_paywalled_content":false,"_jetpack_memberships_contains_paid_content":false,"footnotes":""},"categories":[1],"tags":[],"class_list":["post-13814","post","type-post","status-publish","format-standard","has-post-thumbnail","hentry","category-destaque"],"jetpack_sharing_enabled":true,"jetpack_featured_media_url":"","_links":{"self":[{"href":"https:\/\/www.oparanews.com.br\/index.php\/wp-json\/wp\/v2\/posts\/13814","targetHints":{"allow":["GET"]}}],"collection":[{"href":"https:\/\/www.oparanews.com.br\/index.php\/wp-json\/wp\/v2\/posts"}],"about":[{"href":"https:\/\/www.oparanews.com.br\/index.php\/wp-json\/wp\/v2\/types\/post"}],"author":[{"embeddable":true,"href":"https:\/\/www.oparanews.com.br\/index.php\/wp-json\/wp\/v2\/users\/1"}],"replies":[{"embeddable":true,"href":"https:\/\/www.oparanews.com.br\/index.php\/wp-json\/wp\/v2\/comments?post=13814"}],"version-history":[{"count":0,"href":"https:\/\/www.oparanews.com.br\/index.php\/wp-json\/wp\/v2\/posts\/13814\/revisions"}],"wp:attachment":[{"href":"https:\/\/www.oparanews.com.br\/index.php\/wp-json\/wp\/v2\/media?parent=13814"}],"wp:term":[{"taxonomy":"category","embeddable":true,"href":"https:\/\/www.oparanews.com.br\/index.php\/wp-json\/wp\/v2\/categories?post=13814"},{"taxonomy":"post_tag","embeddable":true,"href":"https:\/\/www.oparanews.com.br\/index.php\/wp-json\/wp\/v2\/tags?post=13814"}],"curies":[{"name":"wp","href":"https:\/\/api.w.org\/{rel}","templated":true}]}}