{"id":13817,"date":"2021-03-17T00:15:49","date_gmt":"2021-03-17T00:15:49","guid":{"rendered":"https:\/\/oparanews.com.br\/?p=13817"},"modified":"2021-03-17T00:15:49","modified_gmt":"2021-03-17T00:15:49","slug":"leo-santana-e-lore-estao-esperando-o-primeiro-filho","status":"publish","type":"post","link":"https:\/\/www.oparanews.com.br\/index.php\/2021\/03\/17\/leo-santana-e-lore-estao-esperando-o-primeiro-filho\/","title":{"rendered":"L\u00e9o Santana e Lore est\u00e3o esperando o primeiro filho"},"content":{"rendered":"<p>A fam\u00edlia aumentou. Na manh\u00e3 desta ter\u00e7a-feira (16), L\u00e9o Santana e Lore Improra usam suas redes sociais para anunciar que ser\u00e3o pai pela primeira vez. No Instagram, o casal postou uma foto fazendo publicidade para uma marca de chocolate e deu a not\u00edcia especial.<\/p>\n<p>\u201cFam\u00edlia, estamos muito felizes e quer\u00edamos logo contar tudo pra voc\u00eas. Ainda bem que esse dia chegou: Tem #BabyGG na \u00e1rea!! Isso mesmo, GR\u00c1VIDOS! Sempre sonhamos com tudo isso! Deus sabe de todas as coisas e est\u00e1 trazendo muito mais amor para a nossa fam\u00edlia\u201d, escreveu Leo na legenda do post.<\/p>\n<p>J\u00e1 Lore disse: \u201cAhhh estamos muito felizes e quer\u00edamos logo contar tudo pra voc\u00eas. E ainda bem que esse dia chegou! Tem #BabyGG na \u00e1rea!! Isso mesmo, GR\u00c1VIDOS! Estamos amadurecendo e construindo nossa fam\u00edlia, e esse nen\u00e9m lind\u00e3o vem como um sopro de esperan\u00e7a em nossas vidas, no meio de tudo que estamos vivendo. Sempre sonhamos com tudo isso! Deus sabe de todas as coisas e est\u00e1 trazendo muito mais amor para a nossa fam\u00edlia\u201d.<\/p>\n<p>Em fevereiro deste ano, Leo e Lore se casaram em Salvador na Bahia. Devido \u00e0 pandemia do novo coronav\u00edrus, a cerim\u00f4nia foi \u00edntima e restrita.<\/p>\n<p>&nbsp;<\/p>\n<p><strong>Fonte: ISTO\u00c9 Gente<\/strong><\/p>\n<p>&nbsp;<\/p>\n","protected":false},"excerpt":{"rendered":"<p>A fam\u00edlia aumentou. Na manh\u00e3 desta ter\u00e7a-feira (16), L\u00e9o Santana e Lore Improra usam suas redes sociais para anunciar que ser\u00e3o pai pela primeira vez. No Instagram, o casal postou uma foto fazendo publicidade para uma marca de chocolate e deu a not\u00edcia especial. \u201cFam\u00edlia, estamos muito felizes e quer\u00edamos logo contar tudo pra voc\u00eas. &hellip;<\/p>\n","protected":false},"author":1,"featured_media":13818,"comment_status":"closed","ping_status":"closed","sticky":false,"template":"","format":"standard","meta":{"_jetpack_newsletter_access":"","_jetpack_dont_email_post_to_subs":false,"_jetpack_newsletter_tier_id":0,"_jetpack_memberships_contains_paywalled_content":false,"_jetpack_memberships_contains_paid_content":false,"footnotes":""},"categories":[1],"tags":[],"class_list":["post-13817","post","type-post","status-publish","format-standard","has-post-thumbnail","hentry","category-destaque"],"jetpack_sharing_enabled":true,"jetpack_featured_media_url":"","_links":{"self":[{"href":"https:\/\/www.oparanews.com.br\/index.php\/wp-json\/wp\/v2\/posts\/13817","targetHints":{"allow":["GET"]}}],"collection":[{"href":"https:\/\/www.oparanews.com.br\/index.php\/wp-json\/wp\/v2\/posts"}],"about":[{"href":"https:\/\/www.oparanews.com.br\/index.php\/wp-json\/wp\/v2\/types\/post"}],"author":[{"embeddable":true,"href":"https:\/\/www.oparanews.com.br\/index.php\/wp-json\/wp\/v2\/users\/1"}],"replies":[{"embeddable":true,"href":"https:\/\/www.oparanews.com.br\/index.php\/wp-json\/wp\/v2\/comments?post=13817"}],"version-history":[{"count":0,"href":"https:\/\/www.oparanews.com.br\/index.php\/wp-json\/wp\/v2\/posts\/13817\/revisions"}],"wp:attachment":[{"href":"https:\/\/www.oparanews.com.br\/index.php\/wp-json\/wp\/v2\/media?parent=13817"}],"wp:term":[{"taxonomy":"category","embeddable":true,"href":"https:\/\/www.oparanews.com.br\/index.php\/wp-json\/wp\/v2\/categories?post=13817"},{"taxonomy":"post_tag","embeddable":true,"href":"https:\/\/www.oparanews.com.br\/index.php\/wp-json\/wp\/v2\/tags?post=13817"}],"curies":[{"name":"wp","href":"https:\/\/api.w.org\/{rel}","templated":true}]}}