{"id":13820,"date":"2021-03-17T00:20:39","date_gmt":"2021-03-17T00:20:39","guid":{"rendered":"https:\/\/oparanews.com.br\/?p=13820"},"modified":"2021-03-17T00:20:39","modified_gmt":"2021-03-17T00:20:39","slug":"novo-ministro-defende-mascaras-mas-nao-contraria-bolsonaro","status":"publish","type":"post","link":"https:\/\/www.oparanews.com.br\/index.php\/2021\/03\/17\/novo-ministro-defende-mascaras-mas-nao-contraria-bolsonaro\/","title":{"rendered":"Novo ministro defende m\u00e1scaras, mas n\u00e3o contraria Bolsonaro"},"content":{"rendered":"<p>Escolhido para ser o quarto ministro da Sa\u00fade em plena pandemia, o cardiologista Marcelo Queiroga disse nesta ter\u00e7a-feira, 16, que vai trabalhar para ter &#8220;resultado mais desej\u00e1vel&#8221; no combate ao novo coronav\u00edrus. Apesar de ter recomendado, em fala \u00e0 imprensa, o uso de m\u00e1scara &#8211; medida simples, mas que contrasta com declara\u00e7\u00f5es do governo -, Queiroga n\u00e3o prometeu ruptura com bandeiras do presidente Jair Bolsonaro, como orienta\u00e7\u00e3o de uso da cloroquina, medicamento sem efic\u00e1cia comprovada para a covid-19, nem defendeu o isolamento social.<\/p>\n<p>Em declara\u00e7\u00e3o ao lado do general Eduardo Pazuello, que deixa o cargo sob forte desgaste, o cardiologista afirmou ser preciso melhorar a &#8220;qualidade de assist\u00eancia&#8221; nos hospitais, &#8220;sobretudo em Unidades de Terapia Intensiva (UTIs)&#8221;. Ele defendeu a\u00e7\u00f5es da gest\u00e3o Bolsonaro na \u00e1rea de sa\u00fade e disse que o minist\u00e9rio trabalha de forma &#8220;harm\u00f4nica&#8221; com Estados e munic\u00edpios para que as mais de 500 milh\u00f5es de doses de vacinas para covid-19 previstas sejam aplicadas.<\/p>\n<p>Queiroga assume a Sa\u00fade no pior momento da pandemia, com o registro de mais de 2 mil mortes diariamente e com o governo sob forte press\u00e3o. &#8220;Sozinho n\u00e3o vou fazer m\u00e1gica&#8221;, disse o cardiologista.<\/p>\n<p>O m\u00e9dico afirmou que ir\u00e1 se basear sempre &#8220;na melhor evid\u00eancia cient\u00edfica&#8221;. O presidente Bolsonaro, no entanto, fez diversas afirma\u00e7\u00f5es sem lastro cient\u00edfico para questionar a efic\u00e1cia de vacinas, m\u00e1scaras, lockdown e outras medidas recomendadas para combater a pandemia. Queiroga ainda disse que \u00e9 preciso atacar a pandemia, mas preservar a atividade econ\u00f4mica. &#8220;Para garantir emprego, renda e recursos&#8221;, declarou. O m\u00e9dico encerrou a declara\u00e7\u00e3o e n\u00e3o respondeu aos questionamentos da imprensa.<\/p>\n<p>O general Pazuello estava ao lado de Queiroga e falou antes aos jornalistas. Ele defendeu a sua gest\u00e3o e disse que n\u00e3o h\u00e1 uma &#8220;transi\u00e7\u00e3o&#8221; em curso. &#8220;Continua o governo Bolsonaro, continua o ministro da Sa\u00fade. Troca o nome de um oficial general que estava organizando a parte operacional, gest\u00e3o, lideran\u00e7a, administra\u00e7\u00e3o. Agora vai chegar um m\u00e9dico com toda a sua experi\u00eancia na \u00e1rea de sa\u00fade para ir al\u00e9m&#8221;, declarou Pazuello.<\/p>\n<p>Mais cedo, Queiroga j\u00e1 havia sinalizado que n\u00e3o far\u00e1 grandes mudan\u00e7as em a\u00e7\u00f5es da Sa\u00fade, apesar de diversas regi\u00f5es do Pa\u00eds estarem em colapso pela pandemia. &#8220;A pol\u00edtica \u00e9 do governo Bolsonaro, n\u00e3o do ministro da Sa\u00fade. O ministro executa a pol\u00edtica do governo&#8221;, disse Queiroga, ao chegar pela manh\u00e3 no minist\u00e9rio para o come\u00e7o da transi\u00e7\u00e3o na pasta. Nos pr\u00f3ximos dias, o m\u00e9dico e Pazuello devem cumprir agendas juntos. Eles participam na quarta-feira, 17, da entrega das primeiras doses da vacinas de Oxford\/AstraZeneca envasadas pela Fiocruz, no Rio.<\/p>\n<p>&nbsp;<\/p>\n<p><strong>Fonte: Terra<\/strong><\/p>\n","protected":false},"excerpt":{"rendered":"<p>Escolhido para ser o quarto ministro da Sa\u00fade em plena pandemia, o cardiologista Marcelo Queiroga disse nesta ter\u00e7a-feira, 16, que vai trabalhar para ter &#8220;resultado mais desej\u00e1vel&#8221; no combate ao novo coronav\u00edrus. Apesar de ter recomendado, em fala \u00e0 imprensa, o uso de m\u00e1scara &#8211; medida simples, mas que contrasta com declara\u00e7\u00f5es do governo -, &hellip;<\/p>\n","protected":false},"author":1,"featured_media":13821,"comment_status":"closed","ping_status":"closed","sticky":false,"template":"","format":"standard","meta":{"_jetpack_newsletter_access":"","_jetpack_dont_email_post_to_subs":false,"_jetpack_newsletter_tier_id":0,"_jetpack_memberships_contains_paywalled_content":false,"_jetpack_memberships_contains_paid_content":false,"footnotes":""},"categories":[1],"tags":[],"class_list":["post-13820","post","type-post","status-publish","format-standard","has-post-thumbnail","hentry","category-destaque"],"jetpack_sharing_enabled":true,"jetpack_featured_media_url":"","_links":{"self":[{"href":"https:\/\/www.oparanews.com.br\/index.php\/wp-json\/wp\/v2\/posts\/13820","targetHints":{"allow":["GET"]}}],"collection":[{"href":"https:\/\/www.oparanews.com.br\/index.php\/wp-json\/wp\/v2\/posts"}],"about":[{"href":"https:\/\/www.oparanews.com.br\/index.php\/wp-json\/wp\/v2\/types\/post"}],"author":[{"embeddable":true,"href":"https:\/\/www.oparanews.com.br\/index.php\/wp-json\/wp\/v2\/users\/1"}],"replies":[{"embeddable":true,"href":"https:\/\/www.oparanews.com.br\/index.php\/wp-json\/wp\/v2\/comments?post=13820"}],"version-history":[{"count":0,"href":"https:\/\/www.oparanews.com.br\/index.php\/wp-json\/wp\/v2\/posts\/13820\/revisions"}],"wp:attachment":[{"href":"https:\/\/www.oparanews.com.br\/index.php\/wp-json\/wp\/v2\/media?parent=13820"}],"wp:term":[{"taxonomy":"category","embeddable":true,"href":"https:\/\/www.oparanews.com.br\/index.php\/wp-json\/wp\/v2\/categories?post=13820"},{"taxonomy":"post_tag","embeddable":true,"href":"https:\/\/www.oparanews.com.br\/index.php\/wp-json\/wp\/v2\/tags?post=13820"}],"curies":[{"name":"wp","href":"https:\/\/api.w.org\/{rel}","templated":true}]}}