{"id":13824,"date":"2021-03-17T00:25:57","date_gmt":"2021-03-17T00:25:57","guid":{"rendered":"https:\/\/oparanews.com.br\/?p=13824"},"modified":"2021-03-17T00:25:57","modified_gmt":"2021-03-17T00:25:57","slug":"crb-tem-time-desenhado-para-estreia-na-copa-do-brasil","status":"publish","type":"post","link":"https:\/\/www.oparanews.com.br\/index.php\/2021\/03\/17\/crb-tem-time-desenhado-para-estreia-na-copa-do-brasil\/","title":{"rendered":"CRB tem time desenhado para estreia na Copa do Brasil"},"content":{"rendered":"<p>Pensando no confronto diante do Goian\u00e9sia na pr\u00f3xima quarta-feira (17) pela Copa do Brasil, a equipe do CRB est\u00e1 com a sua escala\u00e7\u00e3o praticamente definida.<\/p>\n<p>Tudo indica que a forma\u00e7\u00e3o montada pelo t\u00e9cnico Roberto Fernandes manter\u00e1 a base do time que enfrentou o cl\u00e1ssico diante do CSA no empate em 1 a 1 pela Copa do Nordeste com mudan\u00e7as pontuais. Uma delas, ali\u00e1s, ser\u00e1 em car\u00e1ter for\u00e7ado por conta da les\u00e3o no joelho de Wesley que saiu do \u00faltimo confronto ainda aos 33 minutos do primeiro tempo.<\/p>\n<p>Por outro lado, a equipe que tem viagem marcada para a tarde dessa ter\u00e7a-feira de Bras\u00edlia para Goi\u00e2nia (distante ainda 176 quil\u00f4metros de Goian\u00e9sia, palco do confronto) teve a boa not\u00edcia de contar novamente com o meio-campista argentino Diego Torres.<\/p>\n<p>O jogador se recuperou de uma contratura de grau um na panturrilha esquerda detectada via exame na \u00faltima semana, algo que o fez ficar de fora tanto dos compromissos diante do Alian\u00e7a, pelo Alagoano, como tamb\u00e9m no cl\u00e1ssico.<\/p>\n<p>Assim, a expectativa \u00e9 que o 11 inicial do Galo da Paju\u00e7ara venha com Edson Mardden; Reginaldo, Gum, Diego Ivo e Guilherme Rom\u00e3o; Claudinei, Jimenez e Diego Torres; Hyuri, Luidy e Luc\u00e3o.<\/p>\n<p>&nbsp;<\/p>\n<p><strong>Fonte: Futebol Latino<\/strong><\/p>\n<p>&nbsp;<\/p>\n","protected":false},"excerpt":{"rendered":"<p>Pensando no confronto diante do Goian\u00e9sia na pr\u00f3xima quarta-feira (17) pela Copa do Brasil, a equipe do CRB est\u00e1 com a sua escala\u00e7\u00e3o praticamente definida. Tudo indica que a forma\u00e7\u00e3o montada pelo t\u00e9cnico Roberto Fernandes manter\u00e1 a base do time que enfrentou o cl\u00e1ssico diante do CSA no empate em 1 a 1 pela Copa &hellip;<\/p>\n","protected":false},"author":1,"featured_media":13825,"comment_status":"closed","ping_status":"closed","sticky":false,"template":"","format":"standard","meta":{"_jetpack_newsletter_access":"","_jetpack_dont_email_post_to_subs":false,"_jetpack_newsletter_tier_id":0,"_jetpack_memberships_contains_paywalled_content":false,"_jetpack_memberships_contains_paid_content":false,"footnotes":""},"categories":[1],"tags":[],"class_list":["post-13824","post","type-post","status-publish","format-standard","has-post-thumbnail","hentry","category-destaque"],"jetpack_sharing_enabled":true,"jetpack_featured_media_url":"","_links":{"self":[{"href":"https:\/\/www.oparanews.com.br\/index.php\/wp-json\/wp\/v2\/posts\/13824","targetHints":{"allow":["GET"]}}],"collection":[{"href":"https:\/\/www.oparanews.com.br\/index.php\/wp-json\/wp\/v2\/posts"}],"about":[{"href":"https:\/\/www.oparanews.com.br\/index.php\/wp-json\/wp\/v2\/types\/post"}],"author":[{"embeddable":true,"href":"https:\/\/www.oparanews.com.br\/index.php\/wp-json\/wp\/v2\/users\/1"}],"replies":[{"embeddable":true,"href":"https:\/\/www.oparanews.com.br\/index.php\/wp-json\/wp\/v2\/comments?post=13824"}],"version-history":[{"count":0,"href":"https:\/\/www.oparanews.com.br\/index.php\/wp-json\/wp\/v2\/posts\/13824\/revisions"}],"wp:attachment":[{"href":"https:\/\/www.oparanews.com.br\/index.php\/wp-json\/wp\/v2\/media?parent=13824"}],"wp:term":[{"taxonomy":"category","embeddable":true,"href":"https:\/\/www.oparanews.com.br\/index.php\/wp-json\/wp\/v2\/categories?post=13824"},{"taxonomy":"post_tag","embeddable":true,"href":"https:\/\/www.oparanews.com.br\/index.php\/wp-json\/wp\/v2\/tags?post=13824"}],"curies":[{"name":"wp","href":"https:\/\/api.w.org\/{rel}","templated":true}]}}