{"id":13839,"date":"2021-03-17T12:38:58","date_gmt":"2021-03-17T12:38:58","guid":{"rendered":"https:\/\/oparanews.com.br\/?p=13839"},"modified":"2021-03-17T12:38:58","modified_gmt":"2021-03-17T12:38:58","slug":"alagoas-vai-reabrir-hospital-de-campanha-no-jaragua","status":"publish","type":"post","link":"https:\/\/www.oparanews.com.br\/index.php\/2021\/03\/17\/alagoas-vai-reabrir-hospital-de-campanha-no-jaragua\/","title":{"rendered":"Alagoas vai reabrir hospital de campanha no Jaragu\u00e1"},"content":{"rendered":"<p>Com a explos\u00e3o de novos casos da Covid, o Governo de Alagoas vai reabrir o hospital de campanha Dr. Celso Tavares, que funcionava no Centro de Conven\u00e7\u00f5es, no bairro Jaragu\u00e1, em Macei\u00f3.<\/p>\n<p>A informa\u00e7\u00e3o foi confirmada pelo governador Renan Filho (MDB), na tarde dessa ter\u00e7a-feira (16), durante coletiva para anunciar o endurecimento das medidas de enfrentamento ao coronav\u00edrus no estado, que passou para a fase vermelha na totalidade.<\/p>\n<p>&#8220;Havia uma liminar porque h\u00e1 sempre disputa de empresas. O hospital de campanha de Alagoas \u00e9 o mais barato do Brasil. A gente se vangloria disso e \u00e9 muito importante neste momento. E nos pr\u00f3ximos dias esperamos entreg\u00e1-lo pronto para a sociedade. A PGE (Procuradoria Geral do Estado) fez um trabalho muito diligente no sentido de garantir o direito do Estado e do povo de oferecer tratamento \u00e0s pessoas&#8221;, detalhou o governador.<\/p>\n<p>A estrutura, que at\u00e9 ent\u00e3o ofertava 150 leitos cl\u00ednicos, contava com cerca de 400 m\u00e9dicos, fisioterapeutas, biom\u00e9dicos, enfermeiros, psic\u00f3logos, assistentes sociais, t\u00e9cnicos de laborat\u00f3rio e enfermagem se revezando nos cuidados cl\u00ednicos, 24 horas por dia, aos pacientes internados.<\/p>\n<p>O hospital de campanha do Jaragu\u00e1 funcionou at\u00e9 o dia 28 de setembro de 2020, quando o governador anunciou o fechamento da estrutura, visto a queda no n\u00famero de novos casos da Covid e diminui\u00e7\u00e3o da taxa de ocupa\u00e7\u00e3o de leitos destinados ao tratamento da doen\u00e7a. \u201cA gente vai deixar a estrutura em stand by, para com toda a seguran\u00e7a, prud\u00eancia e responsabilidade necess\u00e1rias, acompanhar os n\u00fameros da Covid-19 e se houver qualquer aumento da doen\u00e7a em Alagoas, estaremos preparados para retomar aquilo que foi interrompido\u201d, disse Renan Filho \u00e0 \u00e9poca.<\/p>\n<p>&nbsp;<\/p>\n<p><strong>Fonte: TNH1<\/strong><\/p>\n<p>&nbsp;<\/p>\n","protected":false},"excerpt":{"rendered":"<p>Com a explos\u00e3o de novos casos da Covid, o Governo de Alagoas vai reabrir o hospital de campanha Dr. Celso Tavares, que funcionava no Centro de Conven\u00e7\u00f5es, no bairro Jaragu\u00e1, em Macei\u00f3. A informa\u00e7\u00e3o foi confirmada pelo governador Renan Filho (MDB), na tarde dessa ter\u00e7a-feira (16), durante coletiva para anunciar o endurecimento das medidas de &hellip;<\/p>\n","protected":false},"author":1,"featured_media":13840,"comment_status":"closed","ping_status":"closed","sticky":false,"template":"","format":"standard","meta":{"_jetpack_newsletter_access":"","_jetpack_dont_email_post_to_subs":false,"_jetpack_newsletter_tier_id":0,"_jetpack_memberships_contains_paywalled_content":false,"_jetpack_memberships_contains_paid_content":false,"footnotes":""},"categories":[1],"tags":[],"class_list":["post-13839","post","type-post","status-publish","format-standard","has-post-thumbnail","hentry","category-destaque"],"jetpack_sharing_enabled":true,"jetpack_featured_media_url":"","_links":{"self":[{"href":"https:\/\/www.oparanews.com.br\/index.php\/wp-json\/wp\/v2\/posts\/13839","targetHints":{"allow":["GET"]}}],"collection":[{"href":"https:\/\/www.oparanews.com.br\/index.php\/wp-json\/wp\/v2\/posts"}],"about":[{"href":"https:\/\/www.oparanews.com.br\/index.php\/wp-json\/wp\/v2\/types\/post"}],"author":[{"embeddable":true,"href":"https:\/\/www.oparanews.com.br\/index.php\/wp-json\/wp\/v2\/users\/1"}],"replies":[{"embeddable":true,"href":"https:\/\/www.oparanews.com.br\/index.php\/wp-json\/wp\/v2\/comments?post=13839"}],"version-history":[{"count":0,"href":"https:\/\/www.oparanews.com.br\/index.php\/wp-json\/wp\/v2\/posts\/13839\/revisions"}],"wp:attachment":[{"href":"https:\/\/www.oparanews.com.br\/index.php\/wp-json\/wp\/v2\/media?parent=13839"}],"wp:term":[{"taxonomy":"category","embeddable":true,"href":"https:\/\/www.oparanews.com.br\/index.php\/wp-json\/wp\/v2\/categories?post=13839"},{"taxonomy":"post_tag","embeddable":true,"href":"https:\/\/www.oparanews.com.br\/index.php\/wp-json\/wp\/v2\/tags?post=13839"}],"curies":[{"name":"wp","href":"https:\/\/api.w.org\/{rel}","templated":true}]}}