{"id":13845,"date":"2021-03-17T19:26:32","date_gmt":"2021-03-17T19:26:32","guid":{"rendered":"https:\/\/oparanews.com.br\/?p=13845"},"modified":"2021-03-17T19:26:32","modified_gmt":"2021-03-17T19:26:32","slug":"sindicato-contesta-proibicao-do-transporte-intermunicipal-em-alagoas","status":"publish","type":"post","link":"https:\/\/www.oparanews.com.br\/index.php\/2021\/03\/17\/sindicato-contesta-proibicao-do-transporte-intermunicipal-em-alagoas\/","title":{"rendered":"Sindicato contesta proibi\u00e7\u00e3o do transporte intermunicipal em Alagoas"},"content":{"rendered":"<p>O Sindicato dos Transportadores Complementares de Passageiros de Alagoas (Sintrancomp\/AL) pediu nesta quarta-feira (17) apoio \u00e0 Assembleia Legislativa e Ag\u00eancia de Regula\u00e7\u00e3o de Servi\u00e7os P\u00fablicos do Estado de Alagoas (Arsal) para fazer valer a lei que garante a circula\u00e7\u00e3o dos transportes intermunicipais durante a pandemia.<\/p>\n<p>A medida foi adotada depois que o governador Renan Filho (MDB) anunciou a proibi\u00e7\u00e3o do transporte intermunicipal a partir de sexta-feira (19), quando todo o estado volta para a fase vermelha.<\/p>\n<p>O presidente do sindicato, Ma\u00e9rcio Ferreira disse que a suspens\u00e3o \u00e9 irregular e citou a Lei 8.306, que pro\u00edbe o Poder Executivo de suspender o transporte rodovi\u00e1rio durante a pandemia.<\/p>\n<p>O G1 entrou em contato com o Governo, \u00e0s 10h50, para pedir uma resposta sobre o impasse, e aguarda resposta.<\/p>\n<p>&#8220;\u00c9 um servi\u00e7o essencial. A nossa preocupa\u00e7\u00e3o \u00e9 atender os nossos usu\u00e1rios, s\u00e3o mais de 100 mil pessoas que dependem do transporte complementar para chegar aos seus locais de trabalho. Vamos falar com o presidente [da ALE] Marcelo Victor para pedir o cumprimento dessa lei, vamos tamb\u00e9m na Arsal. N\u00e3o queremos ser prejudicados mais uma vez&#8221;, disse em entrevista \u00e0 TV Gazeta.<\/p>\n<p>Na sess\u00e3o realizada nesta manh\u00e3 na Assembleia Legislativa de Alagoas, a deputada Cibele Moura fez um apelo ao governo do Estado para que o transporte intermunicipal n\u00e3o seja paralisado em sua totalidade.<\/p>\n<p>&nbsp;<\/p>\n<p><strong>Fonte: G1\/AL<\/strong><\/p>\n<p>&nbsp;<\/p>\n","protected":false},"excerpt":{"rendered":"<p>O Sindicato dos Transportadores Complementares de Passageiros de Alagoas (Sintrancomp\/AL) pediu nesta quarta-feira (17) apoio \u00e0 Assembleia Legislativa e Ag\u00eancia de Regula\u00e7\u00e3o de Servi\u00e7os P\u00fablicos do Estado de Alagoas (Arsal) para fazer valer a lei que garante a circula\u00e7\u00e3o dos transportes intermunicipais durante a pandemia. A medida foi adotada depois que o governador Renan Filho &hellip;<\/p>\n","protected":false},"author":1,"featured_media":13846,"comment_status":"closed","ping_status":"closed","sticky":false,"template":"","format":"standard","meta":{"_jetpack_newsletter_access":"","_jetpack_dont_email_post_to_subs":false,"_jetpack_newsletter_tier_id":0,"_jetpack_memberships_contains_paywalled_content":false,"_jetpack_memberships_contains_paid_content":false,"footnotes":""},"categories":[1],"tags":[],"class_list":["post-13845","post","type-post","status-publish","format-standard","has-post-thumbnail","hentry","category-destaque"],"jetpack_sharing_enabled":true,"jetpack_featured_media_url":"","_links":{"self":[{"href":"https:\/\/www.oparanews.com.br\/index.php\/wp-json\/wp\/v2\/posts\/13845","targetHints":{"allow":["GET"]}}],"collection":[{"href":"https:\/\/www.oparanews.com.br\/index.php\/wp-json\/wp\/v2\/posts"}],"about":[{"href":"https:\/\/www.oparanews.com.br\/index.php\/wp-json\/wp\/v2\/types\/post"}],"author":[{"embeddable":true,"href":"https:\/\/www.oparanews.com.br\/index.php\/wp-json\/wp\/v2\/users\/1"}],"replies":[{"embeddable":true,"href":"https:\/\/www.oparanews.com.br\/index.php\/wp-json\/wp\/v2\/comments?post=13845"}],"version-history":[{"count":0,"href":"https:\/\/www.oparanews.com.br\/index.php\/wp-json\/wp\/v2\/posts\/13845\/revisions"}],"wp:attachment":[{"href":"https:\/\/www.oparanews.com.br\/index.php\/wp-json\/wp\/v2\/media?parent=13845"}],"wp:term":[{"taxonomy":"category","embeddable":true,"href":"https:\/\/www.oparanews.com.br\/index.php\/wp-json\/wp\/v2\/categories?post=13845"},{"taxonomy":"post_tag","embeddable":true,"href":"https:\/\/www.oparanews.com.br\/index.php\/wp-json\/wp\/v2\/tags?post=13845"}],"curies":[{"name":"wp","href":"https:\/\/api.w.org\/{rel}","templated":true}]}}