{"id":13848,"date":"2021-03-17T19:31:00","date_gmt":"2021-03-17T19:31:00","guid":{"rendered":"https:\/\/oparanews.com.br\/?p=13848"},"modified":"2021-03-17T19:31:00","modified_gmt":"2021-03-17T19:31:00","slug":"secretario-de-saude-guilherme-lopes-reforca-acoes-contra-covid-19","status":"publish","type":"post","link":"https:\/\/www.oparanews.com.br\/index.php\/2021\/03\/17\/secretario-de-saude-guilherme-lopes-reforca-acoes-contra-covid-19\/","title":{"rendered":"Secret\u00e1rio de Sa\u00fade Guilherme Lopes refor\u00e7a a\u00e7\u00f5es contra Covid-19"},"content":{"rendered":"<p>A Secretaria Municipal de Sa\u00fade (SEMS) da Prefeitura de Penedo trabalha no combate a pandemia de Covid-19, com a a\u00e7\u00f5es como a vacina\u00e7\u00e3o do p\u00fablico-alvo e fiscaliza\u00e7\u00e3o do cumprimento das a\u00e7\u00f5es planejadas para salvar vidas.<\/p>\n<p>Com a vacina\u00e7\u00e3o contra Covid-19 no munic\u00edpio, cujas doses recebidas s\u00e3o aplicadas 100% no p\u00fablico alvo da campanha, que s\u00e3o profissionais da sa\u00fade e idosos, Penedo se destaca no estado pela efici\u00eancia com rela\u00e7\u00e3o \u00e0 imuniza\u00e7\u00e3o.<\/p>\n<p>De acordo com o Secret\u00e1rio de Sa\u00fade Guilherme Lopes, 4.164 doses de vacina foram repassadas para Penedo at\u00e9 agora, sendo que 3.603 j\u00e1 foram aplicadas, n\u00famero que inclui a segunda dose para os se j\u00e1 se enquadram no per\u00edodo de tempo entre as duas aplica\u00e7\u00f5es.<\/p>\n<p>Com isso, Penedo cumpre o objetivo de vacinar a popula\u00e7\u00e3o contra Covid-19, estando entre os munic\u00edpios que mais vacinaram em Alagoas.<\/p>\n<p><strong>Centro de Especialidades M\u00e9dicas<\/strong><\/p>\n<p>Outra boa not\u00edcia para a popula\u00e7\u00e3o penedense \u00e9 o avan\u00e7o nas obras do antigo SEMEP, que passar\u00e1 a funcionar como um moderno Centro de Especialidades M\u00e9dicas.<\/p>\n<p>Tamb\u00e9m ser\u00e3o instalados no novo local o Centro de Sa\u00fade da Mulher e o Laborat\u00f3rio Municipal, refer\u00eancia em Alagoas por sua estrutura de atendimento a popula\u00e7\u00e3o.<\/p>\n<p><strong>Restri\u00e7\u00f5es<\/strong><\/p>\n<p>O Secret\u00e1rio Guilherme Lopes tamb\u00e9m falou sobre as restri\u00e7\u00f5es impostas pela Fase Vermelha do Protocolo de Distanciamento Social, medida que entra em vigor a partir da meia-noite de sexta-feira, 18.<\/p>\n<p>Entre as novas restri\u00e7\u00f5es est\u00e1 a proibi\u00e7\u00e3o de acesso \u00e0s praias, rios e clubes nos fins de semana e o fechamento de lojas nos s\u00e1bados, domingos e segundas-feiras.<\/p>\n<p>\u201cTemos novas diretrizes a cumprir, n\u00e3o \u00e9 uma decis\u00e3o f\u00e1cil, mas com 83% dos leitos de UTI ocupados em todo estado foi a medida necess\u00e1ria, na qual o governador procurou prejudicar ao m\u00ednimo o setor econ\u00f4mico do estado\u201d, destacou Guilherme Lopes durante entrevista \u00e0 r\u00e1dio Nova Farol FM.<\/p>\n<p>Em Penedo, a lota\u00e7\u00e3o de leitos de UTI da Santa Casa e da UPA est\u00e3o 100% ocupados, servi\u00e7o que atende, al\u00e9m da popula\u00e7\u00e3o penedense, pacientes de outros munic\u00edpios, conforme regula\u00e7\u00e3o do Governo do Estado.<\/p>\n<p>A Secretaria Municipal de Sa\u00fade coloca \u00e0 disposi\u00e7\u00e3o para a popula\u00e7\u00e3o penedense, para assuntos relacionados com a pandemia de Covid-19, o contato de whatsapp 82 993998360, apenas para mensagens.<\/p>\n<p><strong>Rem\u00e9dios e fraldas<\/strong><\/p>\n<p>De acordo com o Secret\u00e1rio Guilherme Lopes, os itens que est\u00e3o em falta como alguns rem\u00e9dios e fraldas descart\u00e1veis j\u00e1 est\u00e3o sendo providenciados por meio de uma compra emergencial, no qual foram adquiridos itens no valor de R$ 400.000,00 (quatrocentos mil reais).<\/p>\n<p>Tamb\u00e9m foram comprados rem\u00e9dios atrav\u00e9s de compra consorciado pelo Conisul \u2013 Cons\u00f3rcio Intermunicipal do Sul do Estado de Alagoas.<\/p>\n<p>A demora para a chegada desses produtos refere-se aos problemas oriundos da pandemia de Covid-19, que desde mar\u00e7o de 2020 assola todo o mundo, causando problemas em toda infraestrutura e log\u00edstica, inclusive da ind\u00fastria farmac\u00eautica.<\/p>\n<p>Guilherme Lopes tamb\u00e9m anunciou a continuidade e amplia\u00e7\u00e3o do Programa Reden\u00e7\u00e3o, grande legado da gest\u00e3o Marcius Beltr\u00e3o\/ Ronaldo Lopes e um dos respons\u00e1veis pelo baixo n\u00famero de \u00f3bitos ocorridos em Penedo em compara\u00e7\u00e3o com outros munic\u00edpios, tanto de Alagoas, quanto a n\u00edvel nacional.<\/p>\n<p>&nbsp;<\/p>\n<p><strong>por Thiago Sobral \u2013 Decom PMP<\/strong><\/p>\n<p>&nbsp;<\/p>\n","protected":false},"excerpt":{"rendered":"<p>A Secretaria Municipal de Sa\u00fade (SEMS) da Prefeitura de Penedo trabalha no combate a pandemia de Covid-19, com a a\u00e7\u00f5es como a vacina\u00e7\u00e3o do p\u00fablico-alvo e fiscaliza\u00e7\u00e3o do cumprimento das a\u00e7\u00f5es planejadas para salvar vidas. Com a vacina\u00e7\u00e3o contra Covid-19 no munic\u00edpio, cujas doses recebidas s\u00e3o aplicadas 100% no p\u00fablico alvo da campanha, que s\u00e3o &hellip;<\/p>\n","protected":false},"author":1,"featured_media":13849,"comment_status":"closed","ping_status":"closed","sticky":false,"template":"","format":"standard","meta":{"_jetpack_newsletter_access":"","_jetpack_dont_email_post_to_subs":false,"_jetpack_newsletter_tier_id":0,"_jetpack_memberships_contains_paywalled_content":false,"_jetpack_memberships_contains_paid_content":false,"footnotes":""},"categories":[1],"tags":[],"class_list":["post-13848","post","type-post","status-publish","format-standard","has-post-thumbnail","hentry","category-destaque"],"jetpack_sharing_enabled":true,"jetpack_featured_media_url":"","_links":{"self":[{"href":"https:\/\/www.oparanews.com.br\/index.php\/wp-json\/wp\/v2\/posts\/13848","targetHints":{"allow":["GET"]}}],"collection":[{"href":"https:\/\/www.oparanews.com.br\/index.php\/wp-json\/wp\/v2\/posts"}],"about":[{"href":"https:\/\/www.oparanews.com.br\/index.php\/wp-json\/wp\/v2\/types\/post"}],"author":[{"embeddable":true,"href":"https:\/\/www.oparanews.com.br\/index.php\/wp-json\/wp\/v2\/users\/1"}],"replies":[{"embeddable":true,"href":"https:\/\/www.oparanews.com.br\/index.php\/wp-json\/wp\/v2\/comments?post=13848"}],"version-history":[{"count":0,"href":"https:\/\/www.oparanews.com.br\/index.php\/wp-json\/wp\/v2\/posts\/13848\/revisions"}],"wp:attachment":[{"href":"https:\/\/www.oparanews.com.br\/index.php\/wp-json\/wp\/v2\/media?parent=13848"}],"wp:term":[{"taxonomy":"category","embeddable":true,"href":"https:\/\/www.oparanews.com.br\/index.php\/wp-json\/wp\/v2\/categories?post=13848"},{"taxonomy":"post_tag","embeddable":true,"href":"https:\/\/www.oparanews.com.br\/index.php\/wp-json\/wp\/v2\/tags?post=13848"}],"curies":[{"name":"wp","href":"https:\/\/api.w.org\/{rel}","templated":true}]}}