{"id":13857,"date":"2021-03-17T19:50:46","date_gmt":"2021-03-17T19:50:46","guid":{"rendered":"https:\/\/oparanews.com.br\/?p=13857"},"modified":"2021-03-17T19:50:46","modified_gmt":"2021-03-17T19:50:46","slug":"espanha-se-prepara-para-ter-publico-nos-estadios","status":"publish","type":"post","link":"https:\/\/www.oparanews.com.br\/index.php\/2021\/03\/17\/espanha-se-prepara-para-ter-publico-nos-estadios\/","title":{"rendered":"Espanha se prepara para ter p\u00fablico nos est\u00e1dios"},"content":{"rendered":"<p>Os est\u00e1dios de futebol na Espanha podem voltar a receber p\u00fablico nas arquibancadas muito em breve. A ideia \u00e9 de que as duas finais da Copa do Rei (entre Athletic Bilbao e Real Sociedad e Athletic Bilbao e Barcelona), marcadas para abril, e a La Liga, no mesmo m\u00eas, possam voltar a ter port\u00f5es abertos, se as circunst\u00e2ncias do momento assim permitirem.<\/p>\n<p>Faz mais de um ano que os est\u00e1dios espanh\u00f3is n\u00e3o recebem p\u00fablico em nenhum campeonato e, se tudo der certo, isso pode mudar em breve. Tanto Javier Tebas, presidente da La Liga, como a Real Federa\u00e7\u00e3o Espanhola de Futebol (RFEF), est\u00e3o se movimentando para que, em abril, os torcedores estejam de volta \u00e0s arquibancadas.<\/p>\n<p>&#8220;Se houver condi\u00e7\u00f5es, estamos preparados e j\u00e1 est\u00e1vamos h\u00e1 meses, mas h\u00e1 circunst\u00e2ncias que n\u00e3o podemos controlar. Temos aprendido muito de um ano para c\u00e1 e esperamos que na terceira semana de abril possamos come\u00e7ar a ter torcida nos est\u00e1dios, pelo menos uma porcentagem&#8221;, disse Tebas em seu discurso no Europa Press Sports Breakfasts.<\/p>\n<p>Segundo o presidente da La Liga, tudo est\u00e1 dependendo de uma autoriza\u00e7\u00e3o do governo local, para que a volta dos torcedores seja o &#8220;mais cautelosa poss\u00edvel&#8221;. As movimenta\u00e7\u00f5es do feriados de P\u00e1scoa ser\u00e3o determinantes para o retorno. \u201cTodos esperamos que depois da P\u00e1scoa possamos marcar r\u00e1pido uma data. Todos ter\u00e3o precau\u00e7\u00f5es e vamos ver como vai acontecer\u201d, disse, torcendo para que o n\u00famero de infectados n\u00e3o volte a crescer, como aconteceu no Natal.<\/p>\n<p>Al\u00e9m da La Liga, a RFEF, respons\u00e1vel pela organiza\u00e7\u00e3o da Copa do Rei, tamb\u00e9m est\u00e1 intencionada de que as duas finais da competi\u00e7\u00e3o (referentes \u00e0s edi\u00e7\u00f5es 2020 e 2021), ambas marcadas para abril na Andaluzia, contem com torcedores nas arquibancadas, segundo informa\u00e7\u00f5es do Cadena SER. Para isso, a RFEF vai se reunir com o Consejo Superior de Deportes (CSD) e a Junta de Andaluc\u00eda para estabelecer um protocolo de a\u00e7\u00e3o em rela\u00e7\u00e3o aos torcedores.<\/p>\n<p>Nada \u00e9 oficial ainda, por\u00e9m, conforme apurou a Goal, a ideia \u00e9 de que 5 mil ingressos possam ser distribu\u00eddos para o derby basco entre Athletic e Real Sociedad no dia 4 de abril, incluindo neste n\u00famero, os convidados. Al\u00e9m disso, para controlar viagens, os ingressos n\u00e3o devem ser vendidos fora da Andaluzia.<\/p>\n<p>O outro jogo, entre Athletic e Barcelona, v\u00e1lido pela final da edi\u00e7\u00e3o 2021 da Copa, marcado para 17 de abril, deve seguir os mesmos moldes da primeira partida.<\/p>\n<p>&nbsp;<\/p>\n<p><strong>Fonte: Goal\/Terra<\/strong><\/p>\n<p>&nbsp;<\/p>\n","protected":false},"excerpt":{"rendered":"<p>Os est\u00e1dios de futebol na Espanha podem voltar a receber p\u00fablico nas arquibancadas muito em breve. A ideia \u00e9 de que as duas finais da Copa do Rei (entre Athletic Bilbao e Real Sociedad e Athletic Bilbao e Barcelona), marcadas para abril, e a La Liga, no mesmo m\u00eas, possam voltar a ter port\u00f5es abertos, &hellip;<\/p>\n","protected":false},"author":1,"featured_media":13858,"comment_status":"closed","ping_status":"closed","sticky":false,"template":"","format":"standard","meta":{"_jetpack_newsletter_access":"","_jetpack_dont_email_post_to_subs":false,"_jetpack_newsletter_tier_id":0,"_jetpack_memberships_contains_paywalled_content":false,"_jetpack_memberships_contains_paid_content":false,"footnotes":""},"categories":[1],"tags":[],"class_list":["post-13857","post","type-post","status-publish","format-standard","has-post-thumbnail","hentry","category-destaque"],"jetpack_sharing_enabled":true,"jetpack_featured_media_url":"","_links":{"self":[{"href":"https:\/\/www.oparanews.com.br\/index.php\/wp-json\/wp\/v2\/posts\/13857","targetHints":{"allow":["GET"]}}],"collection":[{"href":"https:\/\/www.oparanews.com.br\/index.php\/wp-json\/wp\/v2\/posts"}],"about":[{"href":"https:\/\/www.oparanews.com.br\/index.php\/wp-json\/wp\/v2\/types\/post"}],"author":[{"embeddable":true,"href":"https:\/\/www.oparanews.com.br\/index.php\/wp-json\/wp\/v2\/users\/1"}],"replies":[{"embeddable":true,"href":"https:\/\/www.oparanews.com.br\/index.php\/wp-json\/wp\/v2\/comments?post=13857"}],"version-history":[{"count":0,"href":"https:\/\/www.oparanews.com.br\/index.php\/wp-json\/wp\/v2\/posts\/13857\/revisions"}],"wp:attachment":[{"href":"https:\/\/www.oparanews.com.br\/index.php\/wp-json\/wp\/v2\/media?parent=13857"}],"wp:term":[{"taxonomy":"category","embeddable":true,"href":"https:\/\/www.oparanews.com.br\/index.php\/wp-json\/wp\/v2\/categories?post=13857"},{"taxonomy":"post_tag","embeddable":true,"href":"https:\/\/www.oparanews.com.br\/index.php\/wp-json\/wp\/v2\/tags?post=13857"}],"curies":[{"name":"wp","href":"https:\/\/api.w.org\/{rel}","templated":true}]}}