{"id":13860,"date":"2021-03-17T19:56:36","date_gmt":"2021-03-17T19:56:36","guid":{"rendered":"https:\/\/oparanews.com.br\/?p=13860"},"modified":"2021-03-17T19:56:36","modified_gmt":"2021-03-17T19:56:36","slug":"mandetta-chama-guedes-de-desonesto-e-mentiroso","status":"publish","type":"post","link":"https:\/\/www.oparanews.com.br\/index.php\/2021\/03\/17\/mandetta-chama-guedes-de-desonesto-e-mentiroso\/","title":{"rendered":"Mandetta chama Guedes de &#8216;desonesto&#8217; e &#8216;mentiroso&#8217;"},"content":{"rendered":"<p>O ex-ministro da Sa\u00fade Luiz Henrique Mandetta rebateu o ministro da Economia, Paulo Guedes, que disse que a compras das vacinas est\u00e1 atrasada desde o per\u00edodo em que comandava a pasta. As informa\u00e7\u00f5es s\u00e3o de M\u00f4nica Bergamo, da Folha de S. Paulo.<\/p>\n<p>\u201cDesonesto, Mentiroso (\u2026) \u201c\u00c9 inacredit\u00e1vel que o homem respons\u00e1vel pela economia do pa\u00eds esteja criando uma narrativa mentirosa para disfar\u00e7ar a pr\u00f3pria incompet\u00eancia, dele e do governo do qual faz parte\u201d, disse Mandetta.<\/p>\n<p>Em declara\u00e7\u00e3o para a CNN Brasil, Guedes disse que \u201ca entrega da vacina n\u00e3o est\u00e1 atrasada s\u00f3 agora, n\u00e3o. No primeiro dia, Mandetta saiu com R$ 5 bilh\u00f5es no bolso. \u00c9 desde aquela \u00e9poca que dever\u00edamos estar comprando vacina, n\u00e3o \u00e9 mesmo? O dinheiro estava l\u00e1\u201d.<\/p>\n<p>Mandetta disse que o dinheiro mencionado pelo ministro foi para a compara de 15 mil leitos de CTI (Centro de Terapia Intensiva), para m\u00e1scaras e testes, que segundo o ex-ministro, o \u201co governo deixou vencer\u201d.<\/p>\n<p>\u201cMais postos de sa\u00fade, menos postos Ipiranga\u201d, finalizou Mandetta, em refer\u00eancia ao apelido dado pelo presidente Jair Bolsonaro para Paulo Guedes.<\/p>\n<p>&nbsp;<\/p>\n<p><strong>Fonte: ISTO\u00c9<\/strong><\/p>\n<p>&nbsp;<\/p>\n","protected":false},"excerpt":{"rendered":"<p>O ex-ministro da Sa\u00fade Luiz Henrique Mandetta rebateu o ministro da Economia, Paulo Guedes, que disse que a compras das vacinas est\u00e1 atrasada desde o per\u00edodo em que comandava a pasta. As informa\u00e7\u00f5es s\u00e3o de M\u00f4nica Bergamo, da Folha de S. Paulo. \u201cDesonesto, Mentiroso (\u2026) \u201c\u00c9 inacredit\u00e1vel que o homem respons\u00e1vel pela economia do pa\u00eds &hellip;<\/p>\n","protected":false},"author":1,"featured_media":13861,"comment_status":"closed","ping_status":"closed","sticky":false,"template":"","format":"standard","meta":{"_jetpack_newsletter_access":"","_jetpack_dont_email_post_to_subs":false,"_jetpack_newsletter_tier_id":0,"_jetpack_memberships_contains_paywalled_content":false,"_jetpack_memberships_contains_paid_content":false,"footnotes":""},"categories":[1],"tags":[],"class_list":["post-13860","post","type-post","status-publish","format-standard","has-post-thumbnail","hentry","category-destaque"],"jetpack_sharing_enabled":true,"jetpack_featured_media_url":"","_links":{"self":[{"href":"https:\/\/www.oparanews.com.br\/index.php\/wp-json\/wp\/v2\/posts\/13860","targetHints":{"allow":["GET"]}}],"collection":[{"href":"https:\/\/www.oparanews.com.br\/index.php\/wp-json\/wp\/v2\/posts"}],"about":[{"href":"https:\/\/www.oparanews.com.br\/index.php\/wp-json\/wp\/v2\/types\/post"}],"author":[{"embeddable":true,"href":"https:\/\/www.oparanews.com.br\/index.php\/wp-json\/wp\/v2\/users\/1"}],"replies":[{"embeddable":true,"href":"https:\/\/www.oparanews.com.br\/index.php\/wp-json\/wp\/v2\/comments?post=13860"}],"version-history":[{"count":0,"href":"https:\/\/www.oparanews.com.br\/index.php\/wp-json\/wp\/v2\/posts\/13860\/revisions"}],"wp:attachment":[{"href":"https:\/\/www.oparanews.com.br\/index.php\/wp-json\/wp\/v2\/media?parent=13860"}],"wp:term":[{"taxonomy":"category","embeddable":true,"href":"https:\/\/www.oparanews.com.br\/index.php\/wp-json\/wp\/v2\/categories?post=13860"},{"taxonomy":"post_tag","embeddable":true,"href":"https:\/\/www.oparanews.com.br\/index.php\/wp-json\/wp\/v2\/tags?post=13860"}],"curies":[{"name":"wp","href":"https:\/\/api.w.org\/{rel}","templated":true}]}}