{"id":13866,"date":"2021-03-18T00:58:19","date_gmt":"2021-03-18T00:58:19","guid":{"rendered":"https:\/\/oparanews.com.br\/?p=13866"},"modified":"2021-03-18T00:58:19","modified_gmt":"2021-03-18T00:58:19","slug":"penedo-registra-2-371-casos-confirmados-do-novo-coronavirus","status":"publish","type":"post","link":"https:\/\/www.oparanews.com.br\/index.php\/2021\/03\/18\/penedo-registra-2-371-casos-confirmados-do-novo-coronavirus\/","title":{"rendered":"Penedo registra 2.371 casos confirmados do novo Coronav\u00edrus"},"content":{"rendered":"<p>A Secretaria Municipal de Sa\u00fade (SEMS), divulgou nesta quarta-feira (17), o Boletim Epidemiol\u00f3gico atualizado sobre a pandemia de Covid-19 no munic\u00edpio.<\/p>\n<p>De acordo com o novo Boletim Epidemiol\u00f3gico, em Penedo foram confirmados 2371 casos desde o in\u00edcio da contabiliza\u00e7\u00e3o, em mar\u00e7o de 2020.<\/p>\n<p>Desse total, 2327 pessoas se recuperaram da doen\u00e7a ap\u00f3s passarem pelos cuidados m\u00e9dicos.<\/p>\n<p>Os n\u00fameros recentes tamb\u00e9m indicam que 2255 casos foram descartados ap\u00f3s constatado n\u00e3o serem Covid-19 e 25 pessoas morreram em raz\u00e3o da doen\u00e7a provocada pelo novo coronav\u00edrus.<\/p>\n<p>Unidade de Refer\u00eancia em S\u00edndromes Gripais<\/p>\n<p>Na Unidade de Refer\u00eancia em S\u00edndromes Gripais durante esta quarta-feira (17), ocorreram 81 atendimentos, com a realiza\u00e7\u00e3o de 21 testes r\u00e1pidos, que resultaram em 14 diagn\u00f3sticos positivos e 07 negativos.<\/p>\n<p>A Prefeitura de Penedo informa tamb\u00e9m que a Unidade de S\u00edndromes Gripais localizada na Avenida Wanderlei, nas proximidades do trevo da \u201cToca do \u00cdndio\u201d, est\u00e1 funcionando de Segunda a Sexta-feira das 7h \u00e0s 17h. Devendo a popula\u00e7\u00e3o procurar o centro especializado ao notar os primeiros sintomas de Covid-19.<\/p>\n<p>Tamb\u00e9m alerta a popula\u00e7\u00e3o penedense para a import\u00e2ncia da manuten\u00e7\u00e3o do distanciamento social como medida preventiva, da mesma forma que o uso de m\u00e1scaras e a ado\u00e7\u00e3o de medidas de higiene, a exemplo de lavar corretamente as m\u00e3os e utilizar \u00e1lcool 70%.<\/p>\n<p><strong>Casos por localidades<\/strong><\/p>\n<p>O Boletim Epidemiol\u00f3gico desta quarta-feira (17), tamb\u00e9m mostra o n\u00famero de casos por localidade.<\/p>\n<p>Na frente da contabiliza\u00e7\u00e3o est\u00e1 o Bairro Dom Constantino com 747 casos, situa\u00e7\u00e3o que se mant\u00e9m desde o in\u00edcio da pandemia. Logo em seguida est\u00e1 o Bairro Santa Luzia com 431 e o Centro da cidade com 355.<\/p>\n<p>Na zona rural de Penedo, o povoado com maior n\u00famero de casos \u00e9 a Cooperativa, \u00e1rea que inclui os dois n\u00facleos do povoamento com 60 casos, estando logo atr\u00e1s o Tabuleiro dos Negros com 55 casos.<\/p>\n<p>&nbsp;<\/p>\n<p><strong>Fonte: Decom &#8211; PMP<\/strong><\/p>\n<p>&nbsp;<\/p>\n","protected":false},"excerpt":{"rendered":"<p>A Secretaria Municipal de Sa\u00fade (SEMS), divulgou nesta quarta-feira (17), o Boletim Epidemiol\u00f3gico atualizado sobre a pandemia de Covid-19 no munic\u00edpio. De acordo com o novo Boletim Epidemiol\u00f3gico, em Penedo foram confirmados 2371 casos desde o in\u00edcio da contabiliza\u00e7\u00e3o, em mar\u00e7o de 2020. Desse total, 2327 pessoas se recuperaram da doen\u00e7a ap\u00f3s passarem pelos cuidados &hellip;<\/p>\n","protected":false},"author":1,"featured_media":13867,"comment_status":"closed","ping_status":"closed","sticky":false,"template":"","format":"standard","meta":{"_jetpack_newsletter_access":"","_jetpack_dont_email_post_to_subs":false,"_jetpack_newsletter_tier_id":0,"_jetpack_memberships_contains_paywalled_content":false,"_jetpack_memberships_contains_paid_content":false,"footnotes":""},"categories":[1],"tags":[],"class_list":["post-13866","post","type-post","status-publish","format-standard","has-post-thumbnail","hentry","category-destaque"],"jetpack_sharing_enabled":true,"jetpack_featured_media_url":"","_links":{"self":[{"href":"https:\/\/www.oparanews.com.br\/index.php\/wp-json\/wp\/v2\/posts\/13866","targetHints":{"allow":["GET"]}}],"collection":[{"href":"https:\/\/www.oparanews.com.br\/index.php\/wp-json\/wp\/v2\/posts"}],"about":[{"href":"https:\/\/www.oparanews.com.br\/index.php\/wp-json\/wp\/v2\/types\/post"}],"author":[{"embeddable":true,"href":"https:\/\/www.oparanews.com.br\/index.php\/wp-json\/wp\/v2\/users\/1"}],"replies":[{"embeddable":true,"href":"https:\/\/www.oparanews.com.br\/index.php\/wp-json\/wp\/v2\/comments?post=13866"}],"version-history":[{"count":0,"href":"https:\/\/www.oparanews.com.br\/index.php\/wp-json\/wp\/v2\/posts\/13866\/revisions"}],"wp:attachment":[{"href":"https:\/\/www.oparanews.com.br\/index.php\/wp-json\/wp\/v2\/media?parent=13866"}],"wp:term":[{"taxonomy":"category","embeddable":true,"href":"https:\/\/www.oparanews.com.br\/index.php\/wp-json\/wp\/v2\/categories?post=13866"},{"taxonomy":"post_tag","embeddable":true,"href":"https:\/\/www.oparanews.com.br\/index.php\/wp-json\/wp\/v2\/tags?post=13866"}],"curies":[{"name":"wp","href":"https:\/\/api.w.org\/{rel}","templated":true}]}}