{"id":13869,"date":"2021-03-18T13:32:09","date_gmt":"2021-03-18T13:32:09","guid":{"rendered":"https:\/\/oparanews.com.br\/?p=13869"},"modified":"2021-03-18T13:32:09","modified_gmt":"2021-03-18T13:32:09","slug":"governo-reve-decisao-e-autoriza-transporte-intermunicipal-na-fase-vermelha","status":"publish","type":"post","link":"https:\/\/www.oparanews.com.br\/index.php\/2021\/03\/18\/governo-reve-decisao-e-autoriza-transporte-intermunicipal-na-fase-vermelha\/","title":{"rendered":"Governo rev\u00ea decis\u00e3o e autoriza transporte intermunicipal na fase vermelha"},"content":{"rendered":"<p>O governo de Alagoas informou, na noite desta quarta-feira (17), que autorizou transporte intermunicipal a trabalhar na fase vermelha com 30% da capacidade. Durante o an\u00fancio das novas medidas de restri\u00e7\u00e3o no combate a pandemia, o governador Renan Filho (MDB) havia comunicado que esse tipo de transporte estaria suspenso.<\/p>\n<p>O decreto que determinou o retorno de todos os munic\u00edpios \u00e0 fase vermelha a partir desta sexta-feira (19) foi publicado nesta quarta, mas n\u00e3o traz nenhuma informa\u00e7\u00e3o sobre o transporte intermunicipal.<\/p>\n<p>De acordo com a assessoria de comunica\u00e7\u00e3o, a nova decis\u00e3o foi tomada ap\u00f3s um acordo com uma comiss\u00e3o dos transportadores, que foi recebida por representantes do governo do estado nesta quarta.<\/p>\n<p>A nova determina\u00e7\u00e3o ainda n\u00e3o foi publicada no Di\u00e1rio Oficial do Estado (DOE). De acordo com a assessoria, isso deve ser feito at\u00e9 esta quinta-feira (18).<\/p>\n<p>O an\u00fancio da proibi\u00e7\u00e3o havia gerado preocupa\u00e7\u00e3o entre os trabalhadores. Segundo o sindicato da categoria, se isso acontecesse, mais de 3 mil pessoas, entre motoristas e cobradores, seriam prejudicadas diretamente.<\/p>\n<p>\u201cHouve um primeiro decreto que limitou o nosso trabalho, e agora vem a informa\u00e7\u00e3o de que foi proibido. \u00c9 uma preocupa\u00e7\u00e3o nossa em atender os usu\u00e1rios que precisam do transporte e \u00e9 um servi\u00e7o essencial\u201d, disse Ma\u00e9rcio Ferreira, presidente do Sindicato dos Transportadores Complementares de Alagoas.<\/p>\n<p>Al\u00e9m do apelo da categoria, uma lei aprovada em junho do ao passado pro\u00edbe a paralisa\u00e7\u00e3o total do transporte intermunicipal mesmo durante a pandemia.<\/p>\n<p>&nbsp;<\/p>\n<p><strong>Fonte: G1\/AL<\/strong><\/p>\n<p>&nbsp;<\/p>\n","protected":false},"excerpt":{"rendered":"<p>O governo de Alagoas informou, na noite desta quarta-feira (17), que autorizou transporte intermunicipal a trabalhar na fase vermelha com 30% da capacidade. Durante o an\u00fancio das novas medidas de restri\u00e7\u00e3o no combate a pandemia, o governador Renan Filho (MDB) havia comunicado que esse tipo de transporte estaria suspenso. O decreto que determinou o retorno &hellip;<\/p>\n","protected":false},"author":1,"featured_media":13870,"comment_status":"closed","ping_status":"closed","sticky":false,"template":"","format":"standard","meta":{"_jetpack_newsletter_access":"","_jetpack_dont_email_post_to_subs":false,"_jetpack_newsletter_tier_id":0,"_jetpack_memberships_contains_paywalled_content":false,"_jetpack_memberships_contains_paid_content":false,"footnotes":""},"categories":[1],"tags":[],"class_list":["post-13869","post","type-post","status-publish","format-standard","has-post-thumbnail","hentry","category-destaque"],"jetpack_sharing_enabled":true,"jetpack_featured_media_url":"","_links":{"self":[{"href":"https:\/\/www.oparanews.com.br\/index.php\/wp-json\/wp\/v2\/posts\/13869","targetHints":{"allow":["GET"]}}],"collection":[{"href":"https:\/\/www.oparanews.com.br\/index.php\/wp-json\/wp\/v2\/posts"}],"about":[{"href":"https:\/\/www.oparanews.com.br\/index.php\/wp-json\/wp\/v2\/types\/post"}],"author":[{"embeddable":true,"href":"https:\/\/www.oparanews.com.br\/index.php\/wp-json\/wp\/v2\/users\/1"}],"replies":[{"embeddable":true,"href":"https:\/\/www.oparanews.com.br\/index.php\/wp-json\/wp\/v2\/comments?post=13869"}],"version-history":[{"count":0,"href":"https:\/\/www.oparanews.com.br\/index.php\/wp-json\/wp\/v2\/posts\/13869\/revisions"}],"wp:attachment":[{"href":"https:\/\/www.oparanews.com.br\/index.php\/wp-json\/wp\/v2\/media?parent=13869"}],"wp:term":[{"taxonomy":"category","embeddable":true,"href":"https:\/\/www.oparanews.com.br\/index.php\/wp-json\/wp\/v2\/categories?post=13869"},{"taxonomy":"post_tag","embeddable":true,"href":"https:\/\/www.oparanews.com.br\/index.php\/wp-json\/wp\/v2\/tags?post=13869"}],"curies":[{"name":"wp","href":"https:\/\/api.w.org\/{rel}","templated":true}]}}