{"id":13872,"date":"2021-03-18T13:33:22","date_gmt":"2021-03-18T13:33:22","guid":{"rendered":"https:\/\/oparanews.com.br\/?p=13872"},"modified":"2021-03-18T13:33:22","modified_gmt":"2021-03-18T13:33:22","slug":"ocupacao-de-leitos-de-uti-de-covid-19-em-maceio-chega-a-93","status":"publish","type":"post","link":"https:\/\/www.oparanews.com.br\/index.php\/2021\/03\/18\/ocupacao-de-leitos-de-uti-de-covid-19-em-maceio-chega-a-93\/","title":{"rendered":"Ocupa\u00e7\u00e3o de leitos de UTI de Covid-19 em Macei\u00f3 chega a 93%"},"content":{"rendered":"<p>A ocupa\u00e7\u00e3o de leitos de UTI de Covid-19 chegou a 93% em Macei\u00f3 nesta quarta-feira (17). Segundo dados do boletim da Secretaria de Estado da Sa\u00fade (Sesau), dos 191 leitos, somente 14 est\u00e3o livres. Em rela\u00e7\u00e3o aos leitos cl\u00ednicos, 64% est\u00e3o ocupados.<\/p>\n<p>O boletim traz ainda que, em todo o estado, a ocupa\u00e7\u00e3o de leitos de UTI chegou a 89%. J\u00e1 os leitos cl\u00ednicos, est\u00e3o com ocupa\u00e7\u00e3o de 67%.<\/p>\n<p>Mais 20 mortes e 794 casos de Covid-19 foram confirmados em Alagoas nesta quarta. Desde o come\u00e7o da pandemia, o estado j\u00e1 contabilizou 143.338 casos confirmados e 3.254 \u00f3bitos provocados pela doen\u00e7a.<\/p>\n<p>O governador Renan Filho (MDB) decretou na ter\u00e7a-feira (16) o retorno de todos os munic\u00edpios \u00e0 fase vermelha, com restri\u00e7\u00e3o a circula\u00e7\u00e3o de pessoas entre 21h e 5h, em qualquer dia da semana.<\/p>\n<p>Diante dos n\u00fameros, o coordenador do Observat\u00f3rio para Enfrentamento da Covid da Ufal, Gabriel B\u00e1due, falou que o mais adequado seriam medidas ainda mais restritivas.<\/p>\n<p>\u201cAt\u00e9 o final da semana a gente deve ultrapassar os 7 mil casos notificados em uma semana. A ocupa\u00e7\u00e3o hospitalar \u00e9 o que mais est\u00e1 preocupando nesse momento\u201d, ressaltou B\u00e1due.<\/p>\n<p>&nbsp;<\/p>\n<p><strong>Fonte: G1\/AL<\/strong><\/p>\n<p>&nbsp;<\/p>\n","protected":false},"excerpt":{"rendered":"<p>A ocupa\u00e7\u00e3o de leitos de UTI de Covid-19 chegou a 93% em Macei\u00f3 nesta quarta-feira (17). Segundo dados do boletim da Secretaria de Estado da Sa\u00fade (Sesau), dos 191 leitos, somente 14 est\u00e3o livres. Em rela\u00e7\u00e3o aos leitos cl\u00ednicos, 64% est\u00e3o ocupados. O boletim traz ainda que, em todo o estado, a ocupa\u00e7\u00e3o de leitos &hellip;<\/p>\n","protected":false},"author":1,"featured_media":13873,"comment_status":"closed","ping_status":"closed","sticky":false,"template":"","format":"standard","meta":{"_jetpack_newsletter_access":"","_jetpack_dont_email_post_to_subs":false,"_jetpack_newsletter_tier_id":0,"_jetpack_memberships_contains_paywalled_content":false,"_jetpack_memberships_contains_paid_content":false,"footnotes":""},"categories":[1],"tags":[],"class_list":["post-13872","post","type-post","status-publish","format-standard","has-post-thumbnail","hentry","category-destaque"],"jetpack_sharing_enabled":true,"jetpack_featured_media_url":"","_links":{"self":[{"href":"https:\/\/www.oparanews.com.br\/index.php\/wp-json\/wp\/v2\/posts\/13872","targetHints":{"allow":["GET"]}}],"collection":[{"href":"https:\/\/www.oparanews.com.br\/index.php\/wp-json\/wp\/v2\/posts"}],"about":[{"href":"https:\/\/www.oparanews.com.br\/index.php\/wp-json\/wp\/v2\/types\/post"}],"author":[{"embeddable":true,"href":"https:\/\/www.oparanews.com.br\/index.php\/wp-json\/wp\/v2\/users\/1"}],"replies":[{"embeddable":true,"href":"https:\/\/www.oparanews.com.br\/index.php\/wp-json\/wp\/v2\/comments?post=13872"}],"version-history":[{"count":0,"href":"https:\/\/www.oparanews.com.br\/index.php\/wp-json\/wp\/v2\/posts\/13872\/revisions"}],"wp:attachment":[{"href":"https:\/\/www.oparanews.com.br\/index.php\/wp-json\/wp\/v2\/media?parent=13872"}],"wp:term":[{"taxonomy":"category","embeddable":true,"href":"https:\/\/www.oparanews.com.br\/index.php\/wp-json\/wp\/v2\/categories?post=13872"},{"taxonomy":"post_tag","embeddable":true,"href":"https:\/\/www.oparanews.com.br\/index.php\/wp-json\/wp\/v2\/tags?post=13872"}],"curies":[{"name":"wp","href":"https:\/\/api.w.org\/{rel}","templated":true}]}}