{"id":13875,"date":"2021-03-18T13:52:57","date_gmt":"2021-03-18T13:52:57","guid":{"rendered":"https:\/\/oparanews.com.br\/?p=13875"},"modified":"2021-03-18T13:52:57","modified_gmt":"2021-03-18T13:52:57","slug":"brasil-pode-ter-4-mil-mortes-diarias-no-fim-de-abril","status":"publish","type":"post","link":"https:\/\/www.oparanews.com.br\/index.php\/2021\/03\/18\/brasil-pode-ter-4-mil-mortes-diarias-no-fim-de-abril\/","title":{"rendered":"Brasil pode ter 4 mil mortes di\u00e1rias no fim de abril"},"content":{"rendered":"<p>O n\u00famero de mortos pela covid-19 pode chegar a 4 mil por dia at\u00e9 o fim de abril. A previs\u00e3o \u00e9 da Rede An\u00e1lise Covid &#8211; que re\u00fane especialistas de diferentes \u00e1reas para interpretar os dados oficiais sobre a pandemia. Nesta quarta-feira, 17, a m\u00e9dia de \u00f3bitos pela doen\u00e7a ultrapassou pela primeira vez a marca de dois mil.<\/p>\n<p>A an\u00e1lise coincide com avalia\u00e7\u00e3o da Fiocruz. Em mais um boletim extraordin\u00e1rio, divulgado na noite de ter\u00e7a-feira, 16, a institui\u00e7\u00e3o afirmou que o Brasil vive &#8220;o maior colapso sanit\u00e1rio e hospitalar da hist\u00f3ria&#8221;. Para reduzir o impacto da trag\u00e9dia, defendem os especialistas, medidas severas de restri\u00e7\u00e3o de circula\u00e7\u00e3o precisam ser adotadas imediatamente.<\/p>\n<p>Pela primeira vez desde o in\u00edcio da epidemia no Pa\u00eds, os n\u00fameros de novos casos e mortes pela covid crescem exponencialmente em todos os Estados. Esse \u00e9 um indicador importante de que a doen\u00e7a est\u00e1 fora de controle, segundo o coordenador da Rede An\u00e1lise Covid, o cientista de dados Isaac Scharstzhaup.<\/p>\n<p>&#8220;Como a doen\u00e7a veio de fora, ela chegou de avi\u00e3o, inicialmente \u00e0s principais capitais e come\u00e7ou a se espalhar de cidade em cidade. Na metade do ano passado, muitas capitais estavam sofrendo, mas havia muitas cidades do interior em que n\u00e3o havia sequer um caso da doen\u00e7a; a distribui\u00e7\u00e3o dos casos era muito d\u00edspare&#8221;, explicou Scharstzhaup. &#8220;Agora, desde a virada do ano, a tend\u00eancia de aumento \u00e9 geral; o que muda de um Estado para o outro \u00e9 apenas a velocidade de transmiss\u00e3o.&#8221;<\/p>\n<p>Segundo o especialista, apenas a ado\u00e7\u00e3o de medidas severas de restri\u00e7\u00e3o de mobilidade por todo o Pa\u00eds, de forma coordenada, pode deter a pandemia. Segundo ele, a\u00e7\u00f5es pontuais s\u00e3o in\u00f3cuas.<\/p>\n<p>&#8220;N\u00e3o adianta fazer lockdown de fim de semana, de sete dias&#8221;, explicou. &#8220;O ciclo de cont\u00e1gio do v\u00edrus \u00e9 de 14 dias. Os pa\u00edses que adotaram o lockdown mais rigoroso s\u00f3 come\u00e7aram a ver resultados a partir do d\u00e9cimo-quarto, d\u00e9cimo-quinto dia.&#8221;<\/p>\n<p>O relaxamento das restri\u00e7\u00f5es de circula\u00e7\u00e3o logo que as taxas de ocupa\u00e7\u00e3o dos hospitais come\u00e7am a cair (como ocorreu no Brasil) n\u00e3o \u00e9 o ideal, segundo o cientista de dados.<\/p>\n<p>&#8220;Por isso nunca chegamos a zerar o n\u00famero de casos, como a Europa conseguiu, depois da primeira onda&#8221;, afirmou. &#8220;Quando as restri\u00e7\u00f5es n\u00e3o s\u00e3o feitas corretamente, acabamos fazendo um plat\u00f4, uma estabiliza\u00e7\u00e3o em patamar alto. O Brasil teria que fazer uma restri\u00e7\u00e3o forte e n\u00e3o ceder no momento em que os n\u00fameros se estabilizam, esperar a real desacelera\u00e7\u00e3o.&#8221;<\/p>\n<p>&nbsp;<\/p>\n<p><strong>Fonte: Terra<\/strong><\/p>\n<p>&nbsp;<\/p>\n","protected":false},"excerpt":{"rendered":"<p>O n\u00famero de mortos pela covid-19 pode chegar a 4 mil por dia at\u00e9 o fim de abril. A previs\u00e3o \u00e9 da Rede An\u00e1lise Covid &#8211; que re\u00fane especialistas de diferentes \u00e1reas para interpretar os dados oficiais sobre a pandemia. Nesta quarta-feira, 17, a m\u00e9dia de \u00f3bitos pela doen\u00e7a ultrapassou pela primeira vez a marca &hellip;<\/p>\n","protected":false},"author":1,"featured_media":13876,"comment_status":"closed","ping_status":"closed","sticky":false,"template":"","format":"standard","meta":{"_jetpack_newsletter_access":"","_jetpack_dont_email_post_to_subs":false,"_jetpack_newsletter_tier_id":0,"_jetpack_memberships_contains_paywalled_content":false,"_jetpack_memberships_contains_paid_content":false,"footnotes":""},"categories":[1],"tags":[],"class_list":["post-13875","post","type-post","status-publish","format-standard","has-post-thumbnail","hentry","category-destaque"],"jetpack_sharing_enabled":true,"jetpack_featured_media_url":"","_links":{"self":[{"href":"https:\/\/www.oparanews.com.br\/index.php\/wp-json\/wp\/v2\/posts\/13875","targetHints":{"allow":["GET"]}}],"collection":[{"href":"https:\/\/www.oparanews.com.br\/index.php\/wp-json\/wp\/v2\/posts"}],"about":[{"href":"https:\/\/www.oparanews.com.br\/index.php\/wp-json\/wp\/v2\/types\/post"}],"author":[{"embeddable":true,"href":"https:\/\/www.oparanews.com.br\/index.php\/wp-json\/wp\/v2\/users\/1"}],"replies":[{"embeddable":true,"href":"https:\/\/www.oparanews.com.br\/index.php\/wp-json\/wp\/v2\/comments?post=13875"}],"version-history":[{"count":0,"href":"https:\/\/www.oparanews.com.br\/index.php\/wp-json\/wp\/v2\/posts\/13875\/revisions"}],"wp:attachment":[{"href":"https:\/\/www.oparanews.com.br\/index.php\/wp-json\/wp\/v2\/media?parent=13875"}],"wp:term":[{"taxonomy":"category","embeddable":true,"href":"https:\/\/www.oparanews.com.br\/index.php\/wp-json\/wp\/v2\/categories?post=13875"},{"taxonomy":"post_tag","embeddable":true,"href":"https:\/\/www.oparanews.com.br\/index.php\/wp-json\/wp\/v2\/tags?post=13875"}],"curies":[{"name":"wp","href":"https:\/\/api.w.org\/{rel}","templated":true}]}}