{"id":13884,"date":"2021-03-18T14:04:46","date_gmt":"2021-03-18T14:04:46","guid":{"rendered":"https:\/\/oparanews.com.br\/?p=13884"},"modified":"2021-03-18T14:04:46","modified_gmt":"2021-03-18T14:04:46","slug":"com-covid-19-agnaldo-timoteo-e-internado-em-uti-no-rio","status":"publish","type":"post","link":"https:\/\/www.oparanews.com.br\/index.php\/2021\/03\/18\/com-covid-19-agnaldo-timoteo-e-internado-em-uti-no-rio\/","title":{"rendered":"Com Covid-19, Agnaldo Tim\u00f3teo \u00e9 internado em UTI no Rio"},"content":{"rendered":"<p>Com Covid-19, o cantor e compositor Agnaldo Tim\u00f3teo, de 84 anos, foi internado nesta quarta-feira (17) na Unidade de Terapia Intensiva (UTI) do Hospital Casa S\u00e3o Bernardo, no Rio de Janeiro.<\/p>\n<p>Os m\u00e9dicos acreditam que ele tenha se contaminado entre a primeira e a segunda dose da vacina contra a Covid. O artista havia tomado a dose de refor\u00e7o do imunizante na \u00faltima segunda-feira (15).<\/p>\n<p>A unidade de sa\u00fade disse que o estado de sa\u00fade do cantor \u00e9 grave, mas est\u00e1vel. Segundo o hospital, Tim\u00f3teo n\u00e3o foi entubado. A tomografia apontou &#8220;acometimento de m\u00e9dio a grave&#8221; dos pulm\u00f5es. Tim\u00f3teo recebeu medica\u00e7\u00e3o e foi colocado em isolamento.<\/p>\n<p>A not\u00edcia foi dada pelo sobrinho do cantor, pelas redes sociais, onde pede ora\u00e7\u00f5es e agradece o carinho. &#8220;Uma imensa corrente de f\u00e9 est\u00e1 sendo formada em prol do restabelecimento do seu quadro de sa\u00fade. A fam\u00edlia agradece o carinho e as ora\u00e7\u00f5es que vem recebendo de in\u00fameras pessoas e registra um agradecimento especial para a Rede Hospital Casa, que vem dedicando com a m\u00e1xima excel\u00eancia o atendimento prestado ao nosso querido Agnaldo Tim\u00f3teo&#8221;, escreveu Timotinho Silva.<\/p>\n<p><strong>Sa\u00fade comprometida<\/strong><\/p>\n<p>Em 2019, Agnaldo Tim\u00f3teo passou dois meses hospitalizado em decorr\u00eancia de um Acidente Vascular Cerebral (AVC). A doen\u00e7a lhe afastou dos palcos durante 200 dias e 26kg foram embora. De acordo com ele, a &#8220;barra foi pesada&#8221; e os &#8220;quilos de rem\u00e9dios&#8221; precisaram ser tomados.<\/p>\n<p>&nbsp;<\/p>\n<p><strong>Fonte: Folha PE<\/strong><\/p>\n<p>&nbsp;<\/p>\n","protected":false},"excerpt":{"rendered":"<p>Com Covid-19, o cantor e compositor Agnaldo Tim\u00f3teo, de 84 anos, foi internado nesta quarta-feira (17) na Unidade de Terapia Intensiva (UTI) do Hospital Casa S\u00e3o Bernardo, no Rio de Janeiro. Os m\u00e9dicos acreditam que ele tenha se contaminado entre a primeira e a segunda dose da vacina contra a Covid. O artista havia tomado &hellip;<\/p>\n","protected":false},"author":1,"featured_media":13885,"comment_status":"closed","ping_status":"closed","sticky":false,"template":"","format":"standard","meta":{"_jetpack_newsletter_access":"","_jetpack_dont_email_post_to_subs":false,"_jetpack_newsletter_tier_id":0,"_jetpack_memberships_contains_paywalled_content":false,"_jetpack_memberships_contains_paid_content":false,"footnotes":""},"categories":[1],"tags":[],"class_list":["post-13884","post","type-post","status-publish","format-standard","has-post-thumbnail","hentry","category-destaque"],"jetpack_sharing_enabled":true,"jetpack_featured_media_url":"","_links":{"self":[{"href":"https:\/\/www.oparanews.com.br\/index.php\/wp-json\/wp\/v2\/posts\/13884","targetHints":{"allow":["GET"]}}],"collection":[{"href":"https:\/\/www.oparanews.com.br\/index.php\/wp-json\/wp\/v2\/posts"}],"about":[{"href":"https:\/\/www.oparanews.com.br\/index.php\/wp-json\/wp\/v2\/types\/post"}],"author":[{"embeddable":true,"href":"https:\/\/www.oparanews.com.br\/index.php\/wp-json\/wp\/v2\/users\/1"}],"replies":[{"embeddable":true,"href":"https:\/\/www.oparanews.com.br\/index.php\/wp-json\/wp\/v2\/comments?post=13884"}],"version-history":[{"count":0,"href":"https:\/\/www.oparanews.com.br\/index.php\/wp-json\/wp\/v2\/posts\/13884\/revisions"}],"wp:attachment":[{"href":"https:\/\/www.oparanews.com.br\/index.php\/wp-json\/wp\/v2\/media?parent=13884"}],"wp:term":[{"taxonomy":"category","embeddable":true,"href":"https:\/\/www.oparanews.com.br\/index.php\/wp-json\/wp\/v2\/categories?post=13884"},{"taxonomy":"post_tag","embeddable":true,"href":"https:\/\/www.oparanews.com.br\/index.php\/wp-json\/wp\/v2\/tags?post=13884"}],"curies":[{"name":"wp","href":"https:\/\/api.w.org\/{rel}","templated":true}]}}