{"id":13893,"date":"2021-03-19T01:59:35","date_gmt":"2021-03-19T01:59:35","guid":{"rendered":"https:\/\/oparanews.com.br\/?p=13893"},"modified":"2021-03-19T01:59:35","modified_gmt":"2021-03-19T01:59:35","slug":"unidade-de-referencia-em-sindromes-gripais-de-penedo-amplia-atendimento","status":"publish","type":"post","link":"https:\/\/www.oparanews.com.br\/index.php\/2021\/03\/19\/unidade-de-referencia-em-sindromes-gripais-de-penedo-amplia-atendimento\/","title":{"rendered":"Unidade de Refer\u00eancia em S\u00edndromes Gripais de Penedo amplia atendimento"},"content":{"rendered":"<p>A Unidade de Refer\u00eancia em S\u00edndromes Gripais de Penedo passa a funcionar aos s\u00e1bados, a partir do pr\u00f3ximo dia 20. O atendimento ser\u00e1 feito das 7h \u00e0s 17 horas, hor\u00e1rio que tamb\u00e9m ser\u00e1 utilizado para os demais dias de funcionamento, de segunda \u00e0 sexta-feira.<\/p>\n<p>A amplia\u00e7\u00e3o da assist\u00eancia promovida pela Prefeitura de Penedo, por meio da Secretaria Municipal de Sa\u00fade (SEMS), \u00e9 consequ\u00eancia do agravamento da pandemia do coronav\u00edrus.<\/p>\n<p>Somente nesta quarta-feira, 17, das 81 pessoas atendidas na Unidade de S\u00edndromes Gripais, 14 foram diagnosticadas positiva para Covid.<\/p>\n<p>O sinal de alerta tamb\u00e9m vem dos leitos de UTI exclusivos para pacientes com Covid, servi\u00e7o dispon\u00edvel para todo Estado e que ontem alcan\u00e7ou 100% de lota\u00e7\u00e3o em Penedo.<\/p>\n<p>O avan\u00e7o do coronav\u00edrus em Penedo gerou a\u00e7\u00e3o imediata da gest\u00e3o Ronaldo Lopes\/Jo\u00e3o Lucas. Em janeiro, a Unidade de S\u00edndromes voltou a funcionar na antiga Escola do SESI devido ao aumento da procura por atendimento.<\/p>\n<p>A SEMS informa que o atendimento na Unidade de S\u00edndromes Gripais \u00e9 exclusivo para moradores de Penedo, assim como na Central de Vacina\u00e7\u00e3o Contra Covid-19.<\/p>\n<p>De forma excepcional , a Central de Vacina\u00e7\u00e3o tamb\u00e9m funcionar\u00e1 no s\u00e1bado, 20, no hor\u00e1rio entre 7h e 17 horas, para idosos com 71 anos ou mais.<\/p>\n<p>A partir de amanh\u00e3 (sexta-feira, 19), idosos com 72 anos ou mais podem se dirigir at\u00e9 a Central para receber a primeira dose da vacina contra Covid-19.<\/p>\n<p>&nbsp;<\/p>\n<p><strong>por Fernando Vin\u00edcius \u2013 Decom PMP<\/strong><\/p>\n<p>&nbsp;<\/p>\n","protected":false},"excerpt":{"rendered":"<p>A Unidade de Refer\u00eancia em S\u00edndromes Gripais de Penedo passa a funcionar aos s\u00e1bados, a partir do pr\u00f3ximo dia 20. O atendimento ser\u00e1 feito das 7h \u00e0s 17 horas, hor\u00e1rio que tamb\u00e9m ser\u00e1 utilizado para os demais dias de funcionamento, de segunda \u00e0 sexta-feira. A amplia\u00e7\u00e3o da assist\u00eancia promovida pela Prefeitura de Penedo, por meio &hellip;<\/p>\n","protected":false},"author":1,"featured_media":13894,"comment_status":"closed","ping_status":"closed","sticky":false,"template":"","format":"standard","meta":{"_jetpack_newsletter_access":"","_jetpack_dont_email_post_to_subs":false,"_jetpack_newsletter_tier_id":0,"_jetpack_memberships_contains_paywalled_content":false,"_jetpack_memberships_contains_paid_content":false,"footnotes":""},"categories":[1],"tags":[],"class_list":["post-13893","post","type-post","status-publish","format-standard","has-post-thumbnail","hentry","category-destaque"],"jetpack_sharing_enabled":true,"jetpack_featured_media_url":"","_links":{"self":[{"href":"https:\/\/www.oparanews.com.br\/index.php\/wp-json\/wp\/v2\/posts\/13893","targetHints":{"allow":["GET"]}}],"collection":[{"href":"https:\/\/www.oparanews.com.br\/index.php\/wp-json\/wp\/v2\/posts"}],"about":[{"href":"https:\/\/www.oparanews.com.br\/index.php\/wp-json\/wp\/v2\/types\/post"}],"author":[{"embeddable":true,"href":"https:\/\/www.oparanews.com.br\/index.php\/wp-json\/wp\/v2\/users\/1"}],"replies":[{"embeddable":true,"href":"https:\/\/www.oparanews.com.br\/index.php\/wp-json\/wp\/v2\/comments?post=13893"}],"version-history":[{"count":0,"href":"https:\/\/www.oparanews.com.br\/index.php\/wp-json\/wp\/v2\/posts\/13893\/revisions"}],"wp:attachment":[{"href":"https:\/\/www.oparanews.com.br\/index.php\/wp-json\/wp\/v2\/media?parent=13893"}],"wp:term":[{"taxonomy":"category","embeddable":true,"href":"https:\/\/www.oparanews.com.br\/index.php\/wp-json\/wp\/v2\/categories?post=13893"},{"taxonomy":"post_tag","embeddable":true,"href":"https:\/\/www.oparanews.com.br\/index.php\/wp-json\/wp\/v2\/tags?post=13893"}],"curies":[{"name":"wp","href":"https:\/\/api.w.org\/{rel}","templated":true}]}}