{"id":13896,"date":"2021-03-19T02:01:21","date_gmt":"2021-03-19T02:01:21","guid":{"rendered":"https:\/\/oparanews.com.br\/?p=13896"},"modified":"2021-03-19T02:01:21","modified_gmt":"2021-03-19T02:01:21","slug":"combate-a-covid-19-sera-reforcado-pela-prefeitura-de-penedo-e-policia-militar","status":"publish","type":"post","link":"https:\/\/www.oparanews.com.br\/index.php\/2021\/03\/19\/combate-a-covid-19-sera-reforcado-pela-prefeitura-de-penedo-e-policia-militar\/","title":{"rendered":"Combate \u00e0 Covid-19 ser\u00e1 refor\u00e7ado pela Prefeitura de Penedo e Pol\u00edcia Militar"},"content":{"rendered":"<p>A Prefeitura de Penedo e a Pol\u00edcia Militar unem esfor\u00e7os para intensificar a\u00e7\u00f5es de preven\u00e7\u00e3o e combate ao agravamento da pandemia da Covid-19, doen\u00e7a que matou 3.274 pessoas em Alagoas at\u00e9 esta quinta-feira, 18.<\/p>\n<p>Durante a reuni\u00e3o realizada hoje no quartel do 11\u00ba BPM, representantes da gest\u00e3o Crescendo Com Seu Povo e da corpora\u00e7\u00e3o policial debateram a\u00e7\u00f5es amparadas nos decretos estadual e municipal que prev\u00ea restri\u00e7\u00f5es para o funcionamento de estabelecimentos comerciais, feiras livres e a circula\u00e7\u00e3o de pessoas.<\/p>\n<p>Penedo j\u00e1 se adequou \u00e0 Fase Vermelha do Protocolo de Distanciamento Social para Alagoas, medida sancionada no munic\u00edpio pela Portaria Conjunta 002\/2021.<\/p>\n<p><strong>Integra\u00e7\u00e3o entre os \u00f3rg\u00e3os<\/strong><\/p>\n<p>O Secret\u00e1rio Municipal de Sa\u00fade Guilherme Lopes destacou a import\u00e2ncia das a\u00e7\u00f5es conjuntas de fiscaliza\u00e7\u00e3o com a Pol\u00edcia Militar que est\u00e3o sendo realizadas em Penedo.<\/p>\n<p>Sobretudo quando existe uma piora dos \u00edndices relacionados \u00e0 doen\u00e7a e novas variantes que est\u00e3o surgindo, sendo necess\u00e1rio o cumprimento das determina\u00e7\u00f5es legais que visam a redu\u00e7\u00e3o desses n\u00fameros.<\/p>\n<p>O Comandante do 11\u00ba Batalh\u00e3o de Pol\u00edcia Militar, Tenente Coronel Wagner Coutinho falou sobre import\u00e2ncia do trabalho preventivo para o cumprimento dos decretos.<\/p>\n<p>Situa\u00e7\u00e3o que se aplica com rela\u00e7\u00e3o \u00e0 feira livre, locais onde comerciantes de outros munic\u00edpios est\u00e3o suspensos de atuar, enquanto vigorar as regras atuais. Al\u00e9m disso, apenas g\u00eaneros aliment\u00edcios est\u00e3o autorizados para comercializa\u00e7\u00e3o nas feiras do centro da cidade e do bairro Santa Luzia.<\/p>\n<p>Dessa forma, os fiscais da Vigil\u00e2ncia Sanit\u00e1ria e da Secretaria Municipal de Abastecimento e Desenvolvimento Agr\u00edcola (SEMADA) est\u00e3o orientados para atuar de forma preventiva. A Pol\u00edcia Militar tamb\u00e9m estar\u00e1 \u00e0 disposi\u00e7\u00e3o, devendo ser acionada quando sua interven\u00e7\u00e3o for necess\u00e1ria.<\/p>\n<p>Com as medidas adotadas pela Prefeitura de Penedo em rela\u00e7\u00e3o \u00e0s feiras livre, haver\u00e1 uma redu\u00e7\u00e3o de cerca de 50% de comerciantes, o que contribuir\u00e1 com as a\u00e7\u00f5es de fiscaliza\u00e7\u00e3o, inclusive sobre a obrigatoriedade do uso de m\u00e1scara e disponibiliza\u00e7\u00e3o de \u00e1lcool 70%.<\/p>\n<p>Clientes e consumidores tamb\u00e9m ser\u00e3o instru\u00eddos sobre o enfrentamento ao coronav\u00edrus, medidas imprescind\u00edveis para conter o avan\u00e7o da Covid-19.<\/p>\n<p>O Diretor da Aten\u00e7\u00e3o Especializada da SEMS, Maciel Oliveira, falou sobre as medidas adotadas no in\u00edcio da pandemia em Penedo, a\u00e7\u00f5es com resultados positivos, apesar da resist\u00eancia inicial por parte de alguns setores e parcela da popula\u00e7\u00e3o.<\/p>\n<p>&nbsp;<\/p>\n<p><strong>por Thiago Sobral \u2013 Decom PMP<\/strong><\/p>\n<p>&nbsp;<\/p>\n","protected":false},"excerpt":{"rendered":"<p>A Prefeitura de Penedo e a Pol\u00edcia Militar unem esfor\u00e7os para intensificar a\u00e7\u00f5es de preven\u00e7\u00e3o e combate ao agravamento da pandemia da Covid-19, doen\u00e7a que matou 3.274 pessoas em Alagoas at\u00e9 esta quinta-feira, 18. Durante a reuni\u00e3o realizada hoje no quartel do 11\u00ba BPM, representantes da gest\u00e3o Crescendo Com Seu Povo e da corpora\u00e7\u00e3o policial &hellip;<\/p>\n","protected":false},"author":1,"featured_media":13897,"comment_status":"closed","ping_status":"closed","sticky":false,"template":"","format":"standard","meta":{"_jetpack_newsletter_access":"","_jetpack_dont_email_post_to_subs":false,"_jetpack_newsletter_tier_id":0,"_jetpack_memberships_contains_paywalled_content":false,"_jetpack_memberships_contains_paid_content":false,"footnotes":""},"categories":[1],"tags":[],"class_list":["post-13896","post","type-post","status-publish","format-standard","has-post-thumbnail","hentry","category-destaque"],"jetpack_sharing_enabled":true,"jetpack_featured_media_url":"","_links":{"self":[{"href":"https:\/\/www.oparanews.com.br\/index.php\/wp-json\/wp\/v2\/posts\/13896","targetHints":{"allow":["GET"]}}],"collection":[{"href":"https:\/\/www.oparanews.com.br\/index.php\/wp-json\/wp\/v2\/posts"}],"about":[{"href":"https:\/\/www.oparanews.com.br\/index.php\/wp-json\/wp\/v2\/types\/post"}],"author":[{"embeddable":true,"href":"https:\/\/www.oparanews.com.br\/index.php\/wp-json\/wp\/v2\/users\/1"}],"replies":[{"embeddable":true,"href":"https:\/\/www.oparanews.com.br\/index.php\/wp-json\/wp\/v2\/comments?post=13896"}],"version-history":[{"count":0,"href":"https:\/\/www.oparanews.com.br\/index.php\/wp-json\/wp\/v2\/posts\/13896\/revisions"}],"wp:attachment":[{"href":"https:\/\/www.oparanews.com.br\/index.php\/wp-json\/wp\/v2\/media?parent=13896"}],"wp:term":[{"taxonomy":"category","embeddable":true,"href":"https:\/\/www.oparanews.com.br\/index.php\/wp-json\/wp\/v2\/categories?post=13896"},{"taxonomy":"post_tag","embeddable":true,"href":"https:\/\/www.oparanews.com.br\/index.php\/wp-json\/wp\/v2\/tags?post=13896"}],"curies":[{"name":"wp","href":"https:\/\/api.w.org\/{rel}","templated":true}]}}