{"id":13899,"date":"2021-03-19T12:40:16","date_gmt":"2021-03-19T12:40:16","guid":{"rendered":"https:\/\/oparanews.com.br\/?p=13899"},"modified":"2021-03-19T12:40:16","modified_gmt":"2021-03-19T12:40:16","slug":"vereador-val-da-banana-requer-iluminacao-para-quadra-do-raimundinho","status":"publish","type":"post","link":"https:\/\/www.oparanews.com.br\/index.php\/2021\/03\/19\/vereador-val-da-banana-requer-iluminacao-para-quadra-do-raimundinho\/","title":{"rendered":"Vereador Val da Banana requer ilumina\u00e7\u00e3o para Quadra do Raimundinho"},"content":{"rendered":"<p>O Vereador Val da Banana (Clodovaldo Sacramento) requer do poder p\u00fablico municipal ilumina\u00e7\u00e3o para a quadra de esportes localizada no Raimundinho, pedido aprovado durante a sess\u00e3o da C\u00e2mara Municipal de Penedo realizada nesta quinta-feira, 18, com aditivo do Vereador Rodrigo Regueira para o mesmo servi\u00e7o na quadra de esportes do Oiteiro.<\/p>\n<p>&nbsp;<\/p>\n<p><strong>Fonte: Assessoria<\/strong><\/p>\n<p>&nbsp;<\/p>\n","protected":false},"excerpt":{"rendered":"<p>O Vereador Val da Banana (Clodovaldo Sacramento) requer do poder p\u00fablico municipal ilumina\u00e7\u00e3o para a quadra de esportes localizada no Raimundinho, pedido aprovado durante a sess\u00e3o da C\u00e2mara Municipal de Penedo realizada nesta quinta-feira, 18, com aditivo do Vereador Rodrigo Regueira para o mesmo servi\u00e7o na quadra de esportes do Oiteiro. &nbsp; Fonte: Assessoria &nbsp;<\/p>\n","protected":false},"author":1,"featured_media":13900,"comment_status":"closed","ping_status":"closed","sticky":false,"template":"","format":"standard","meta":{"_jetpack_newsletter_access":"","_jetpack_dont_email_post_to_subs":false,"_jetpack_newsletter_tier_id":0,"_jetpack_memberships_contains_paywalled_content":false,"_jetpack_memberships_contains_paid_content":false,"footnotes":""},"categories":[1],"tags":[],"class_list":["post-13899","post","type-post","status-publish","format-standard","has-post-thumbnail","hentry","category-destaque"],"jetpack_sharing_enabled":true,"jetpack_featured_media_url":"","_links":{"self":[{"href":"https:\/\/www.oparanews.com.br\/index.php\/wp-json\/wp\/v2\/posts\/13899","targetHints":{"allow":["GET"]}}],"collection":[{"href":"https:\/\/www.oparanews.com.br\/index.php\/wp-json\/wp\/v2\/posts"}],"about":[{"href":"https:\/\/www.oparanews.com.br\/index.php\/wp-json\/wp\/v2\/types\/post"}],"author":[{"embeddable":true,"href":"https:\/\/www.oparanews.com.br\/index.php\/wp-json\/wp\/v2\/users\/1"}],"replies":[{"embeddable":true,"href":"https:\/\/www.oparanews.com.br\/index.php\/wp-json\/wp\/v2\/comments?post=13899"}],"version-history":[{"count":0,"href":"https:\/\/www.oparanews.com.br\/index.php\/wp-json\/wp\/v2\/posts\/13899\/revisions"}],"wp:attachment":[{"href":"https:\/\/www.oparanews.com.br\/index.php\/wp-json\/wp\/v2\/media?parent=13899"}],"wp:term":[{"taxonomy":"category","embeddable":true,"href":"https:\/\/www.oparanews.com.br\/index.php\/wp-json\/wp\/v2\/categories?post=13899"},{"taxonomy":"post_tag","embeddable":true,"href":"https:\/\/www.oparanews.com.br\/index.php\/wp-json\/wp\/v2\/tags?post=13899"}],"curies":[{"name":"wp","href":"https:\/\/api.w.org\/{rel}","templated":true}]}}