{"id":13902,"date":"2021-03-19T12:43:19","date_gmt":"2021-03-19T12:43:19","guid":{"rendered":"https:\/\/oparanews.com.br\/?p=13902"},"modified":"2021-03-19T12:43:19","modified_gmt":"2021-03-19T12:43:19","slug":"vereadores-aprovam-projeto-que-atende-setor-produtivo-de-penedo","status":"publish","type":"post","link":"https:\/\/www.oparanews.com.br\/index.php\/2021\/03\/19\/vereadores-aprovam-projeto-que-atende-setor-produtivo-de-penedo\/","title":{"rendered":"Vereadores aprovam projeto que atende setor produtivo de Penedo"},"content":{"rendered":"<p>A C\u00e2mara Municipal de Penedo (CMP) realizou nesta quinta-feira, 18, a pen\u00faltima sess\u00e3o ordin\u00e1ria do m\u00eas de mar\u00e7o, por meio de videoconfer\u00eancia, aprovando o Programa de Recupera\u00e7\u00e3o Fiscal (Refis) enviado pelo Poder Executivo e mais tr\u00eas mat\u00e9rias, duas de autoria de parlamentares e mais uma da Prefeitura de Penedo.<\/p>\n<p>Al\u00e9m do Refis, aprovado com emenda do Vereador Denys Reis para inclus\u00e3o de desconto no parcelamento do d\u00e9bito de setores da economia com o munic\u00edpio, a CMP aprovou a institui\u00e7\u00e3o do Conselho Municipal para acompanhamento do Fundo Social do Fundeb.<\/p>\n<p>A cria\u00e7\u00e3o de uma Casa de Apoio para mulheres v\u00edtimas de viol\u00eancia tamb\u00e9m obteve aprova\u00e7\u00e3o un\u00e2nime da casa legislativa. A mat\u00e9ria de autoria da Vereadora Raquel Tavares prev\u00ea ainda acompanhamento de equipe multidisciplinar para as mulheres assistidas no \u00e2mbito de sua iniciativa.<\/p>\n<p>Os vereadores tamb\u00e9m aprovaram a identifica\u00e7\u00e3o do gin\u00e1sio poliesportivo da Escola Municipal Manoel Soares de Melo, situado na Vila Matias, com o nome do desportista Lenaldo Santos Lira, homenagem apresentada pelo Vereador Derivan Thomaz.<\/p>\n<p><strong>Mo\u00e7\u00e3o de Pesar<\/strong><\/p>\n<p>A C\u00e2mara Municipal de Penedo aprovou Mo\u00e7\u00e3o de Pesar \u00e0 fam\u00edlia do advogado Anderson Vignoli, v\u00edtima de Covid-19 que faleceu na madrugada desta quinta-feira, 18. O operador do Direito era membro da diretoria da seccional OAB de Penedo, casado e pai de quatro filhos, com relevantes servi\u00e7os prestados \u00e0 popula\u00e7\u00e3o.<\/p>\n<p>Os trabalhos legislativos tamb\u00e9m foram marcados por cobran\u00e7a dos vereadores sobre a instala\u00e7\u00e3o de tendas nas imedia\u00e7\u00f5es das respectivas ag\u00eancias da Caixa Econ\u00f4mica, Bradesco e Banco do Brasil como forma de assegurar prote\u00e7\u00e3o contra o sol e algum conforto \u00e0s pessoas que aguardam atendimento.<\/p>\n<p>&nbsp;<\/p>\n<p><strong>Fonte: Ascom CMP<\/strong><\/p>\n<p>&nbsp;<\/p>\n","protected":false},"excerpt":{"rendered":"<p>A C\u00e2mara Municipal de Penedo (CMP) realizou nesta quinta-feira, 18, a pen\u00faltima sess\u00e3o ordin\u00e1ria do m\u00eas de mar\u00e7o, por meio de videoconfer\u00eancia, aprovando o Programa de Recupera\u00e7\u00e3o Fiscal (Refis) enviado pelo Poder Executivo e mais tr\u00eas mat\u00e9rias, duas de autoria de parlamentares e mais uma da Prefeitura de Penedo. Al\u00e9m do Refis, aprovado com emenda &hellip;<\/p>\n","protected":false},"author":1,"featured_media":13903,"comment_status":"closed","ping_status":"closed","sticky":false,"template":"","format":"standard","meta":{"_jetpack_newsletter_access":"","_jetpack_dont_email_post_to_subs":false,"_jetpack_newsletter_tier_id":0,"_jetpack_memberships_contains_paywalled_content":false,"_jetpack_memberships_contains_paid_content":false,"footnotes":""},"categories":[1],"tags":[],"class_list":["post-13902","post","type-post","status-publish","format-standard","has-post-thumbnail","hentry","category-destaque"],"jetpack_sharing_enabled":true,"jetpack_featured_media_url":"","_links":{"self":[{"href":"https:\/\/www.oparanews.com.br\/index.php\/wp-json\/wp\/v2\/posts\/13902","targetHints":{"allow":["GET"]}}],"collection":[{"href":"https:\/\/www.oparanews.com.br\/index.php\/wp-json\/wp\/v2\/posts"}],"about":[{"href":"https:\/\/www.oparanews.com.br\/index.php\/wp-json\/wp\/v2\/types\/post"}],"author":[{"embeddable":true,"href":"https:\/\/www.oparanews.com.br\/index.php\/wp-json\/wp\/v2\/users\/1"}],"replies":[{"embeddable":true,"href":"https:\/\/www.oparanews.com.br\/index.php\/wp-json\/wp\/v2\/comments?post=13902"}],"version-history":[{"count":0,"href":"https:\/\/www.oparanews.com.br\/index.php\/wp-json\/wp\/v2\/posts\/13902\/revisions"}],"wp:attachment":[{"href":"https:\/\/www.oparanews.com.br\/index.php\/wp-json\/wp\/v2\/media?parent=13902"}],"wp:term":[{"taxonomy":"category","embeddable":true,"href":"https:\/\/www.oparanews.com.br\/index.php\/wp-json\/wp\/v2\/categories?post=13902"},{"taxonomy":"post_tag","embeddable":true,"href":"https:\/\/www.oparanews.com.br\/index.php\/wp-json\/wp\/v2\/tags?post=13902"}],"curies":[{"name":"wp","href":"https:\/\/api.w.org\/{rel}","templated":true}]}}