{"id":13917,"date":"2021-03-19T13:16:41","date_gmt":"2021-03-19T13:16:41","guid":{"rendered":"https:\/\/oparanews.com.br\/?p=13917"},"modified":"2021-03-19T13:16:41","modified_gmt":"2021-03-19T13:16:41","slug":"leandro-hassum-e-vacinado-contra-a-covid-19","status":"publish","type":"post","link":"https:\/\/www.oparanews.com.br\/index.php\/2021\/03\/19\/leandro-hassum-e-vacinado-contra-a-covid-19\/","title":{"rendered":"Leandro Hassum \u00e9 vacinado contra a Covid-19"},"content":{"rendered":"<p>Leandro Hassum fez quest\u00e3o de compartilhar com seus seguidores nesta quinta-feira (18) um momento muito especial.<\/p>\n<p>O ator , de 47 anos, que h\u00e1 cinco anos mora na Fl\u00f3rida nos Estados Unidos, recebeu a primeira dose da vacina contra a Covid-19. Ele tamb\u00e9m lamentou que a vacina\u00e7\u00e3o esteja t\u00e3o atrasada no Brasil.<\/p>\n<p>&#8220;Estou vivendo um mix emo\u00e7\u00f5es: muita alegria por ter conseguido me vacinar aqui nos EUA (sim, j\u00e1 chegou no meu grupo). Mas&#8230; muito triste por saber que no meu pa\u00eds que amo e vivo tamb\u00e9m. A minha m\u00e3e j\u00e1 poderia vacinar mas&#8230; n\u00e3o tem vacina. N\u00e3o d\u00e1 para ficar feliz por completo sabendo que tantas fam\u00edlias choram seus familiares. Por incompet\u00eancia e inefic\u00e1cia de MUITOS. Orando muito por todos&#8221;, escreveu Leandro na legenda ao postar uma selfie com o cart\u00e3o da comprova\u00e7\u00e3o da vacina.<\/p>\n<p>&nbsp;<\/p>\n<p><strong>Fonte: IG<\/strong><\/p>\n<p>&nbsp;<\/p>\n","protected":false},"excerpt":{"rendered":"<p>Leandro Hassum fez quest\u00e3o de compartilhar com seus seguidores nesta quinta-feira (18) um momento muito especial. O ator , de 47 anos, que h\u00e1 cinco anos mora na Fl\u00f3rida nos Estados Unidos, recebeu a primeira dose da vacina contra a Covid-19. Ele tamb\u00e9m lamentou que a vacina\u00e7\u00e3o esteja t\u00e3o atrasada no Brasil. &#8220;Estou vivendo um &hellip;<\/p>\n","protected":false},"author":1,"featured_media":13918,"comment_status":"closed","ping_status":"closed","sticky":false,"template":"","format":"standard","meta":{"_jetpack_newsletter_access":"","_jetpack_dont_email_post_to_subs":false,"_jetpack_newsletter_tier_id":0,"_jetpack_memberships_contains_paywalled_content":false,"_jetpack_memberships_contains_paid_content":false,"footnotes":""},"categories":[1],"tags":[],"class_list":["post-13917","post","type-post","status-publish","format-standard","has-post-thumbnail","hentry","category-destaque"],"jetpack_sharing_enabled":true,"jetpack_featured_media_url":"","_links":{"self":[{"href":"https:\/\/www.oparanews.com.br\/index.php\/wp-json\/wp\/v2\/posts\/13917","targetHints":{"allow":["GET"]}}],"collection":[{"href":"https:\/\/www.oparanews.com.br\/index.php\/wp-json\/wp\/v2\/posts"}],"about":[{"href":"https:\/\/www.oparanews.com.br\/index.php\/wp-json\/wp\/v2\/types\/post"}],"author":[{"embeddable":true,"href":"https:\/\/www.oparanews.com.br\/index.php\/wp-json\/wp\/v2\/users\/1"}],"replies":[{"embeddable":true,"href":"https:\/\/www.oparanews.com.br\/index.php\/wp-json\/wp\/v2\/comments?post=13917"}],"version-history":[{"count":0,"href":"https:\/\/www.oparanews.com.br\/index.php\/wp-json\/wp\/v2\/posts\/13917\/revisions"}],"wp:attachment":[{"href":"https:\/\/www.oparanews.com.br\/index.php\/wp-json\/wp\/v2\/media?parent=13917"}],"wp:term":[{"taxonomy":"category","embeddable":true,"href":"https:\/\/www.oparanews.com.br\/index.php\/wp-json\/wp\/v2\/categories?post=13917"},{"taxonomy":"post_tag","embeddable":true,"href":"https:\/\/www.oparanews.com.br\/index.php\/wp-json\/wp\/v2\/tags?post=13917"}],"curies":[{"name":"wp","href":"https:\/\/api.w.org\/{rel}","templated":true}]}}