{"id":13920,"date":"2021-03-19T13:23:53","date_gmt":"2021-03-19T13:23:53","guid":{"rendered":"https:\/\/oparanews.com.br\/?p=13920"},"modified":"2021-03-19T13:23:53","modified_gmt":"2021-03-19T13:23:53","slug":"cegueira-monocular-bolsonaro-pode-ter-que-optar-entre-guedes-ou-michelle","status":"publish","type":"post","link":"https:\/\/www.oparanews.com.br\/index.php\/2021\/03\/19\/cegueira-monocular-bolsonaro-pode-ter-que-optar-entre-guedes-ou-michelle\/","title":{"rendered":"Cegueira monocular: Bolsonaro pode ter que optar entre Guedes ou Michelle"},"content":{"rendered":"<p>Bolsonaro pode precisar escolher entre o teto de gastos, pilar fundamental da gest\u00e3o do ministro da Economia, Paulo Guedes , ou apoiar uma proposta apadrinhada pela primeira-dama, Michelle Bolsonaro . A proposta de tornar a vis\u00e3o monocular (cegueira de um dos olhos) como defici\u00eancia para todos os efeitos legais, pode gerar aumento de at\u00e9 R$ 5 bilh\u00f5es nos gastos p\u00fablicos.<\/p>\n<p>Aprovada no Senado e na C\u00e2mara, a medida pode fazer com que o governo ultrapasse a barreira do teto de gastos, tornando o impeachment de Bolsonaro poss\u00edvel por irresponsabilidade fiscal. O texto aguarda san\u00e7\u00e3o presidencial, que precisa ocorrer at\u00e9 dia 23, e permite que o Benef\u00edcio de Presta\u00e7\u00e3o Continuada (BPC) seja pago a idosos e pessoas com defici\u00eancia de baixa renda no valor de um sal\u00e1rio m\u00ednimo por m\u00eas (R$ 1,1 mil).<\/p>\n<p>Segundo apura\u00e7\u00e3o do Estad\u00e3o, por volta de 400 mil pessoas poder\u00e3o estar habilitadas para receber o beneficio. Al\u00e9m disso, afetaria a aposentadoria dos portadores da defici\u00eancia, que pussui regras mais brandas do que para trabalhadores em geral.<\/p>\n<p>Segundo Lei de Responsabilidade Fiscal (LRF) a cria\u00e7\u00e3o de algum gasto p\u00fablico, como este, precisa estar acompanhada de uma contrapartida de ajuste or\u00e7ament\u00e1rio. A proposta, no entanto, n\u00e3o prev\u00ea nenhuma redu\u00e7\u00e3o de gastos, fazendo com que Bolsonaro se enquadre no crime de responsabilidade.<\/p>\n<p>Em fevereiro, antes da aprova\u00e7\u00e3o do texto pela C\u00e2mara, Michelle convidou Am\u00e1lia Barros, uma das principais vozes pela lei da vis\u00e3o monocular, para jantar no Pal\u00e1cio da Alvorada. As duas posaram juntas para foto tapando um dos olhos, gesto s\u00edmbolo da campanha.<\/p>\n<p>&nbsp;<\/p>\n<p><strong>Fonte: Economia &#8211; iG<\/strong><\/p>\n<p>&nbsp;<\/p>\n","protected":false},"excerpt":{"rendered":"<p>Bolsonaro pode precisar escolher entre o teto de gastos, pilar fundamental da gest\u00e3o do ministro da Economia, Paulo Guedes , ou apoiar uma proposta apadrinhada pela primeira-dama, Michelle Bolsonaro . A proposta de tornar a vis\u00e3o monocular (cegueira de um dos olhos) como defici\u00eancia para todos os efeitos legais, pode gerar aumento de at\u00e9 R$ &hellip;<\/p>\n","protected":false},"author":1,"featured_media":13921,"comment_status":"closed","ping_status":"closed","sticky":false,"template":"","format":"standard","meta":{"_jetpack_newsletter_access":"","_jetpack_dont_email_post_to_subs":false,"_jetpack_newsletter_tier_id":0,"_jetpack_memberships_contains_paywalled_content":false,"_jetpack_memberships_contains_paid_content":false,"footnotes":""},"categories":[1],"tags":[],"class_list":["post-13920","post","type-post","status-publish","format-standard","has-post-thumbnail","hentry","category-destaque"],"jetpack_sharing_enabled":true,"jetpack_featured_media_url":"","_links":{"self":[{"href":"https:\/\/www.oparanews.com.br\/index.php\/wp-json\/wp\/v2\/posts\/13920","targetHints":{"allow":["GET"]}}],"collection":[{"href":"https:\/\/www.oparanews.com.br\/index.php\/wp-json\/wp\/v2\/posts"}],"about":[{"href":"https:\/\/www.oparanews.com.br\/index.php\/wp-json\/wp\/v2\/types\/post"}],"author":[{"embeddable":true,"href":"https:\/\/www.oparanews.com.br\/index.php\/wp-json\/wp\/v2\/users\/1"}],"replies":[{"embeddable":true,"href":"https:\/\/www.oparanews.com.br\/index.php\/wp-json\/wp\/v2\/comments?post=13920"}],"version-history":[{"count":0,"href":"https:\/\/www.oparanews.com.br\/index.php\/wp-json\/wp\/v2\/posts\/13920\/revisions"}],"wp:attachment":[{"href":"https:\/\/www.oparanews.com.br\/index.php\/wp-json\/wp\/v2\/media?parent=13920"}],"wp:term":[{"taxonomy":"category","embeddable":true,"href":"https:\/\/www.oparanews.com.br\/index.php\/wp-json\/wp\/v2\/categories?post=13920"},{"taxonomy":"post_tag","embeddable":true,"href":"https:\/\/www.oparanews.com.br\/index.php\/wp-json\/wp\/v2\/tags?post=13920"}],"curies":[{"name":"wp","href":"https:\/\/api.w.org\/{rel}","templated":true}]}}