{"id":13926,"date":"2021-03-19T13:31:24","date_gmt":"2021-03-19T13:31:24","guid":{"rendered":"https:\/\/oparanews.com.br\/?p=13926"},"modified":"2021-03-19T13:31:24","modified_gmt":"2021-03-19T13:31:24","slug":"silvero-pereira-revela-ter-sido-estuprado-e-faz-desabafo","status":"publish","type":"post","link":"https:\/\/www.oparanews.com.br\/index.php\/2021\/03\/19\/silvero-pereira-revela-ter-sido-estuprado-e-faz-desabafo\/","title":{"rendered":"Silvero Pereira revela ter sido estuprado e faz desabafo"},"content":{"rendered":"<p>Silvero Pereira fez uma revela\u00e7\u00e3o pessoal complicada, em conversa com o programa \u201cProvoca\u201c, exibido pela TV Cultura. Na ocasi\u00e3o, o ator que recentemente brilhou na reprise de \u201cA For\u00e7a do Querer\u201c, contou que foi estuprado aos sete anos de idade.<\/p>\n<p>Al\u00e9m de sofrer o ato violento, ele apontou que durante muito tempo sofreu com amea\u00e7as do criminoso, que chegou a lev\u00e1-lo para um matagal, longe de outras pessoas.<\/p>\n<p>\u201cAos sete anos de idade, eu fui estuprado. Eu fui levado para um matagal por uma pessoa muito mais de idade do que eu e ela fez coisas comigo que eu s\u00f3 fui entender seis ou sete anos depois\u201d, come\u00e7ou ele.<\/p>\n<p>Em seguida, o muso destacou os xingamentos e a viol\u00eancia verbal que passou naquela \u00e9poca. \u201cAl\u00e9m disso, teve a viol\u00eancia verbal de dizer: \u2018Voc\u00ea \u00e9 mulherzinha, a cidade vai saber se voc\u00ea falar sobre isso, se voc\u00ea contar que fui eu, eu vou te espancar\u2019. Ent\u00e3o, o que mais ficou em mim foi o medo. Eu n\u00e3o falei pra ningu\u00e9m por muito tempo pelo medo\u201d, falou ele.<\/p>\n<p><strong>Aceita\u00e7\u00e3o<\/strong><\/p>\n<p>Nascido na cidade Momba\u00e7a no Cear\u00e1, o artista revelou no mesmo bate-papo que sofreu para se aceitar. Durante a sua inf\u00e2ncia, ele questionava o tempo todo sobre ser homem.<\/p>\n<p>\u201cDurante a minha inf\u00e2ncia, eu tive uma quest\u00e3o muito s\u00e9ria: eu nunca entendi sobre o que era ser homem. Na minha cidade, que era bem pequena, tinha uma mentalidade muito dif\u00edcil, um coronelismo, um machismo muito forte ali naquela regi\u00e3o. Tudo que diziam, \u2018voc\u00ea tem que ser homem\u2019, \u2018voc\u00ea tem que se comportar como homem\u2019, \u2018voc\u00ea tem que se vestir como homem, falar como homem\u2019, sempre bateu em mim de uma maneira muito estranha\u201d, apontou ele.<\/p>\n<p><strong>BBB 21<\/strong><\/p>\n<p>Silvero Pereira \u00e9 mais um dos famosos que est\u00e1 ligado nos acontecimentos do BBB 21. O influncer que chegou a participar da Rede BBB, afirmou que torce pelo fim do envolvimento amoroso de Carla Diaz com o crossfiteiro Arthur.<\/p>\n<p>\u201cEu super compactuo com a Carlinha. Eu sou dessas pessoas tamb\u00e9m que \u00e9 enganada, caio no golpe do \u2018boy lixo\u2019\u2026 J\u00e1 ca\u00ed em v\u00e1rios. Eu confesso que estou torcendo para esse \u2018boy\u2019 sair logo da casa, para ver se a Carla volta a ter o jogo que ela tinha antes. Acho a Carla uma figura muito sensata, acho que essa conex\u00e3o com o Arthur estragou a fruta\u201d, opinou ele sobre a situa\u00e7\u00e3o da sister.<\/p>\n<p>&nbsp;<\/p>\n<p><strong>Fonte: Entret\u00ea<\/strong><\/p>\n<p>&nbsp;<\/p>\n","protected":false},"excerpt":{"rendered":"<p>Silvero Pereira fez uma revela\u00e7\u00e3o pessoal complicada, em conversa com o programa \u201cProvoca\u201c, exibido pela TV Cultura. Na ocasi\u00e3o, o ator que recentemente brilhou na reprise de \u201cA For\u00e7a do Querer\u201c, contou que foi estuprado aos sete anos de idade. Al\u00e9m de sofrer o ato violento, ele apontou que durante muito tempo sofreu com amea\u00e7as &hellip;<\/p>\n","protected":false},"author":1,"featured_media":13927,"comment_status":"closed","ping_status":"closed","sticky":false,"template":"","format":"standard","meta":{"_jetpack_newsletter_access":"","_jetpack_dont_email_post_to_subs":false,"_jetpack_newsletter_tier_id":0,"_jetpack_memberships_contains_paywalled_content":false,"_jetpack_memberships_contains_paid_content":false,"footnotes":""},"categories":[1],"tags":[],"class_list":["post-13926","post","type-post","status-publish","format-standard","has-post-thumbnail","hentry","category-destaque"],"jetpack_sharing_enabled":true,"jetpack_featured_media_url":"","_links":{"self":[{"href":"https:\/\/www.oparanews.com.br\/index.php\/wp-json\/wp\/v2\/posts\/13926","targetHints":{"allow":["GET"]}}],"collection":[{"href":"https:\/\/www.oparanews.com.br\/index.php\/wp-json\/wp\/v2\/posts"}],"about":[{"href":"https:\/\/www.oparanews.com.br\/index.php\/wp-json\/wp\/v2\/types\/post"}],"author":[{"embeddable":true,"href":"https:\/\/www.oparanews.com.br\/index.php\/wp-json\/wp\/v2\/users\/1"}],"replies":[{"embeddable":true,"href":"https:\/\/www.oparanews.com.br\/index.php\/wp-json\/wp\/v2\/comments?post=13926"}],"version-history":[{"count":0,"href":"https:\/\/www.oparanews.com.br\/index.php\/wp-json\/wp\/v2\/posts\/13926\/revisions"}],"wp:attachment":[{"href":"https:\/\/www.oparanews.com.br\/index.php\/wp-json\/wp\/v2\/media?parent=13926"}],"wp:term":[{"taxonomy":"category","embeddable":true,"href":"https:\/\/www.oparanews.com.br\/index.php\/wp-json\/wp\/v2\/categories?post=13926"},{"taxonomy":"post_tag","embeddable":true,"href":"https:\/\/www.oparanews.com.br\/index.php\/wp-json\/wp\/v2\/tags?post=13926"}],"curies":[{"name":"wp","href":"https:\/\/api.w.org\/{rel}","templated":true}]}}