{"id":13929,"date":"2021-03-19T14:43:51","date_gmt":"2021-03-19T14:43:51","guid":{"rendered":"https:\/\/oparanews.com.br\/?p=13929"},"modified":"2021-03-19T14:43:51","modified_gmt":"2021-03-19T14:43:51","slug":"prefeitura-de-penedo-decreta-ponto-facultativo-nas-proximas-segundas-feiras","status":"publish","type":"post","link":"https:\/\/www.oparanews.com.br\/index.php\/2021\/03\/19\/prefeitura-de-penedo-decreta-ponto-facultativo-nas-proximas-segundas-feiras\/","title":{"rendered":"Prefeitura de Penedo decreta ponto facultativo nas pr\u00f3ximas segundas-feiras"},"content":{"rendered":"<p>A Prefeitura de Penedo publicou na edi\u00e7\u00e3o de hoje (sexta-feira, 18) do Di\u00e1rio Oficial do Munic\u00edpio o Decreto N\u00ba 723\/2021, ato que decreta ponto facultativo nos dias 22 e 29 de mar\u00e7o nos \u00f3rg\u00e3os e entidades da administra\u00e7\u00e3o p\u00fablica.<\/p>\n<p>O decreto assinado pelo Prefeito Ronaldo Lopes considera a Fase Vermelha do Protocolo de Distanciamento Social Controlado, decretada pelo Governo de Alagoas e sancionada por meio de portaria municipal.<\/p>\n<p>O decreto referente ao ponto facultativo n\u00e3o se aplica aos plant\u00f5es necess\u00e1rios de atividades de car\u00e1ter essencial.<\/p>\n<p>Dessa forma, o decreto n\u00e3o se aplica aos servi\u00e7os da Secretaria Municipal de Servi\u00e7os P\u00fablicos, entre esses limpeza e ilumina\u00e7\u00e3o p\u00fablica; Secretaria Municipal de Sa\u00fade, incluindo servidores lotados na UPA (Unidade de Pronto Atendimento), setor de exames e consultas pr\u00e9-agendadas; al\u00e9m do Servi\u00e7o Aut\u00f4nomo de \u00c1gua e Esgoto (SAAE).<\/p>\n<p>Cabendo aos dirigentes dos \u00f3rg\u00e3os e entidades municipais observar o funcionamento dos servi\u00e7os essenciais nos dias em que foi decretado ponto facultativo.<\/p>\n<p>Confira o decreto por meio do seguinte <a href=\"https:\/\/sai.io.org.br\/Handler.ashx?f=diario&amp;query=1697&amp;c=11064&amp;m=0\"><strong>link<\/strong><\/a>.<\/p>\n<p>&nbsp;<\/p>\n<p><strong>Fonte: Decom PMP<\/strong><\/p>\n<p>&nbsp;<\/p>\n","protected":false},"excerpt":{"rendered":"<p>A Prefeitura de Penedo publicou na edi\u00e7\u00e3o de hoje (sexta-feira, 18) do Di\u00e1rio Oficial do Munic\u00edpio o Decreto N\u00ba 723\/2021, ato que decreta ponto facultativo nos dias 22 e 29 de mar\u00e7o nos \u00f3rg\u00e3os e entidades da administra\u00e7\u00e3o p\u00fablica. O decreto assinado pelo Prefeito Ronaldo Lopes considera a Fase Vermelha do Protocolo de Distanciamento Social &hellip;<\/p>\n","protected":false},"author":1,"featured_media":13930,"comment_status":"closed","ping_status":"closed","sticky":false,"template":"","format":"standard","meta":{"_jetpack_newsletter_access":"","_jetpack_dont_email_post_to_subs":false,"_jetpack_newsletter_tier_id":0,"_jetpack_memberships_contains_paywalled_content":false,"_jetpack_memberships_contains_paid_content":false,"footnotes":""},"categories":[1],"tags":[],"class_list":["post-13929","post","type-post","status-publish","format-standard","has-post-thumbnail","hentry","category-destaque"],"jetpack_sharing_enabled":true,"jetpack_featured_media_url":"","_links":{"self":[{"href":"https:\/\/www.oparanews.com.br\/index.php\/wp-json\/wp\/v2\/posts\/13929","targetHints":{"allow":["GET"]}}],"collection":[{"href":"https:\/\/www.oparanews.com.br\/index.php\/wp-json\/wp\/v2\/posts"}],"about":[{"href":"https:\/\/www.oparanews.com.br\/index.php\/wp-json\/wp\/v2\/types\/post"}],"author":[{"embeddable":true,"href":"https:\/\/www.oparanews.com.br\/index.php\/wp-json\/wp\/v2\/users\/1"}],"replies":[{"embeddable":true,"href":"https:\/\/www.oparanews.com.br\/index.php\/wp-json\/wp\/v2\/comments?post=13929"}],"version-history":[{"count":0,"href":"https:\/\/www.oparanews.com.br\/index.php\/wp-json\/wp\/v2\/posts\/13929\/revisions"}],"wp:attachment":[{"href":"https:\/\/www.oparanews.com.br\/index.php\/wp-json\/wp\/v2\/media?parent=13929"}],"wp:term":[{"taxonomy":"category","embeddable":true,"href":"https:\/\/www.oparanews.com.br\/index.php\/wp-json\/wp\/v2\/categories?post=13929"},{"taxonomy":"post_tag","embeddable":true,"href":"https:\/\/www.oparanews.com.br\/index.php\/wp-json\/wp\/v2\/tags?post=13929"}],"curies":[{"name":"wp","href":"https:\/\/api.w.org\/{rel}","templated":true}]}}