{"id":13932,"date":"2021-03-20T12:18:43","date_gmt":"2021-03-20T12:18:43","guid":{"rendered":"https:\/\/oparanews.com.br\/?p=13932"},"modified":"2021-03-20T12:18:43","modified_gmt":"2021-03-20T12:18:43","slug":"governo-envia-a-ale-projeto-de-lei-que-autoriza-compra-direta-de-vacinas-contra-a-covid-19","status":"publish","type":"post","link":"https:\/\/www.oparanews.com.br\/index.php\/2021\/03\/20\/governo-envia-a-ale-projeto-de-lei-que-autoriza-compra-direta-de-vacinas-contra-a-covid-19\/","title":{"rendered":"Governo envia \u00e0 ALE projeto de lei que autoriza compra direta de vacinas contra a Covid-19"},"content":{"rendered":"<p>O governador Renan Filho encaminhou \u00e0 Assembleia Legislativa Estadual (ALE), nesta sexta-feira (19), um projeto de lei que autoriza o Governo de Alagoas a comprar diretamente vacinas contra a Covid-19. O projeto foi entregue nas m\u00e3os do presidente da ALE, deputado estadual Marcelo Victor, no Pal\u00e1cio Rep\u00fablica dos Palmares.<\/p>\n<p>Renan Filho afirmou que o projeto foi encaminhado em regime de urg\u00eancia, para que o Estado possa agilizar o processo de vacina\u00e7\u00e3o em Alagoas. \u201cQueria pedir aos deputados que, se voc\u00eas votarem o projeto j\u00e1 no in\u00edcio da pr\u00f3xima semana, quem sabe na ter\u00e7a-feira o Estado j\u00e1 estar\u00e1 autorizado a assinar contrato para, assim, a gente seguir fortalecendo o Plano Nacional de Imuniza\u00e7\u00e3o e tamb\u00e9m o Plano Estadual de Imuniza\u00e7\u00e3o\u201d, apelou.<\/p>\n<p>No encontro, o governador apresentou ao presidente da Assembleia o panorama da pandemia em Alagoas, com n\u00fameros de interna\u00e7\u00e3o, de leitos de UTI abertos, e o desempenho de Alagoas no enfrentamento ao v\u00edrus, comparado com o desempenho nacional. \u201cAlagoas \u00e9 hoje o terceiro estado do Brasil onde menos morrem pessoas por Covid-19, e isso \u00e9 muito importante\u201d, destacou Renan Filho, refor\u00e7ando que a solu\u00e7\u00e3o para a crise sanit\u00e1ria e econ\u00f4mica \u00e9 a vacina\u00e7\u00e3o em massa da popula\u00e7\u00e3o.<\/p>\n<p>\u201cA sa\u00edda para essa crise \u00e9 a vacina, \u00e9 imunizar o nosso povo. Isso garantir\u00e1 seguran\u00e7a sanit\u00e1ria, mais sa\u00fade \u00e0s pessoas e garantir\u00e1 a sa\u00edda tamb\u00e9m dessa crise econ\u00f4mica, que atrapalha tanta gente. Conto com a Assembleia Legislativa nesse momento, como sempre contei, porque Alagoas espera isso de n\u00f3s\u201d, finalizou.<\/p>\n<p>&nbsp;<\/p>\n<p><strong>Fonte: Ag\u00eancia Alagoas<\/strong><\/p>\n<p>&nbsp;<\/p>\n","protected":false},"excerpt":{"rendered":"<p>O governador Renan Filho encaminhou \u00e0 Assembleia Legislativa Estadual (ALE), nesta sexta-feira (19), um projeto de lei que autoriza o Governo de Alagoas a comprar diretamente vacinas contra a Covid-19. O projeto foi entregue nas m\u00e3os do presidente da ALE, deputado estadual Marcelo Victor, no Pal\u00e1cio Rep\u00fablica dos Palmares. Renan Filho afirmou que o projeto &hellip;<\/p>\n","protected":false},"author":1,"featured_media":13933,"comment_status":"closed","ping_status":"closed","sticky":false,"template":"","format":"standard","meta":{"_jetpack_newsletter_access":"","_jetpack_dont_email_post_to_subs":false,"_jetpack_newsletter_tier_id":0,"_jetpack_memberships_contains_paywalled_content":false,"_jetpack_memberships_contains_paid_content":false,"footnotes":""},"categories":[1],"tags":[],"class_list":["post-13932","post","type-post","status-publish","format-standard","has-post-thumbnail","hentry","category-destaque"],"jetpack_sharing_enabled":true,"jetpack_featured_media_url":"","_links":{"self":[{"href":"https:\/\/www.oparanews.com.br\/index.php\/wp-json\/wp\/v2\/posts\/13932","targetHints":{"allow":["GET"]}}],"collection":[{"href":"https:\/\/www.oparanews.com.br\/index.php\/wp-json\/wp\/v2\/posts"}],"about":[{"href":"https:\/\/www.oparanews.com.br\/index.php\/wp-json\/wp\/v2\/types\/post"}],"author":[{"embeddable":true,"href":"https:\/\/www.oparanews.com.br\/index.php\/wp-json\/wp\/v2\/users\/1"}],"replies":[{"embeddable":true,"href":"https:\/\/www.oparanews.com.br\/index.php\/wp-json\/wp\/v2\/comments?post=13932"}],"version-history":[{"count":0,"href":"https:\/\/www.oparanews.com.br\/index.php\/wp-json\/wp\/v2\/posts\/13932\/revisions"}],"wp:attachment":[{"href":"https:\/\/www.oparanews.com.br\/index.php\/wp-json\/wp\/v2\/media?parent=13932"}],"wp:term":[{"taxonomy":"category","embeddable":true,"href":"https:\/\/www.oparanews.com.br\/index.php\/wp-json\/wp\/v2\/categories?post=13932"},{"taxonomy":"post_tag","embeddable":true,"href":"https:\/\/www.oparanews.com.br\/index.php\/wp-json\/wp\/v2\/tags?post=13932"}],"curies":[{"name":"wp","href":"https:\/\/api.w.org\/{rel}","templated":true}]}}