{"id":13935,"date":"2021-03-20T12:26:00","date_gmt":"2021-03-20T12:26:00","guid":{"rendered":"https:\/\/oparanews.com.br\/?p=13935"},"modified":"2021-03-20T12:26:00","modified_gmt":"2021-03-20T12:26:00","slug":"morre-cantor-gospel-irmao-lazaro-vitima-da-covid-19","status":"publish","type":"post","link":"https:\/\/www.oparanews.com.br\/index.php\/2021\/03\/20\/morre-cantor-gospel-irmao-lazaro-vitima-da-covid-19\/","title":{"rendered":"Morre cantor gospel Irm\u00e3o L\u00e1zaro, v\u00edtima da covid-19"},"content":{"rendered":"<p>O cantor gospel e vereador de Salvador Irm\u00e3o L\u00e1zaro (PL-BA) morreu na noite de sexta-feira, 19, por complica\u00e7\u00f5es da covid-19, aos 54 anos. Ele estava internado em estado grave na UTI de um hospital de Feira de Santana, cerca de 100 km da capital baiana, desde o dia 25 de fevereiro.<\/p>\n<p>A morte de L\u00e1zaro foi confirmada por sua filha, Marta Silva, nas redes sociais. Em seguida, a assessoria do pol\u00edtico e cantor tamb\u00e9m postou uma mensagem sobre o falecimento. &#8220;Infelizmente perdemos nosso irm\u00e3o L\u00e1zaro, quis o Senhor levar para o seu lado na gl\u00f3ria.&#8221;<\/p>\n<p>O \u00faltimo boletim m\u00e9dico divulgado ainda na noite de sexta indicava o estado &#8220;grave e muito delicado&#8221; do vereador. De acordo com a publica\u00e7\u00e3o, ele n\u00e3o tinha apresentado nenhuma intercorr\u00eancia, permanecia est\u00e1vel, mas o quadro requeria muito cuidado.<\/p>\n<p>No dia em que foi internado, L\u00e1zaro seria transferido para Salvador, mas teve uma piora e os m\u00e9dicos, por precau\u00e7\u00e3o, preferiram suspender a transfer\u00eancia. No hospital, foi comprovado que ele estava com metade dos pulm\u00f5es comprometido. A princ\u00edpio, o artista ficou internado em um leito cl\u00ednico. No entanto, tr\u00eas dias depois, precisou ser transferido para UTI.<\/p>\n<p><strong>Pol\u00edticos e artistas lamentam<\/strong><\/p>\n<p>Nas redes sociais, pol\u00edticos e artistas lamentaram a morte de L\u00e1zaro. A deputada federal Carla Zambelli (PSL-SP) prestou solidariedade aos familiares e amigos do pol\u00edtico. &#8220;Seu legado de f\u00e9 e renascimento perdurar\u00e1 por longos anos, Irm\u00e3o L\u00e1zaro&#8221;, escreveu.<\/p>\n<p>ACM Neto, presidente nacional do DEM e ex-prefeito de Salvador, lamentou as 15 mil pessoas que morreram pelo coronav\u00edrus em apenas uma semana e disse que s\u00f3 ele havia perdido &#8220;duas muito queridas&#8221; (fazendo refer\u00eancia a L\u00e1zaro e ao prefeito de Vit\u00f3ria da Conquista, Herzem Gusm\u00e3o, que faleceu na quinta-feira, 18).<\/p>\n<p>&#8220;L\u00e1zaro era um grande companheiro da vida p\u00fablica, um homem de f\u00e9 e um artista que emocionou muita gente com sua voz inconfund\u00edvel&#8221;, escreveu.<\/p>\n<p><strong>Trajet\u00f3ria<\/strong><\/p>\n<p>Irm\u00e3o L\u00e1zaro foi eleito vereador de Salvador em 15 de novembro de 2020, com 4.273 votos. Ele j\u00e1 foi deputado federal entre 2015 e 2018, ano em que concorreu a uma vaga no Senado, mas n\u00e3o ganhou.<\/p>\n<p>L\u00e1zaro j\u00e1 foi integrante do grupo Olodum nos anos 90, mas decidiu seguir como cantor gospel ap\u00f3s deixar a depend\u00eancia qu\u00edmica e se converter \u00e0 religi\u00e3o evang\u00e9lica. O que fez o nome dele crescer na carreira foi levar para dentro da igreja o ritmo que o consagrou fora dela. Can\u00e7\u00f5es como Eu sou de Jesus e Eu te amo tanto marcaram a trajet\u00f3ria do cantor.<\/p>\n<p>&nbsp;<\/p>\n<p><strong>Fonte: Terra<\/strong><\/p>\n<p>&nbsp;<\/p>\n","protected":false},"excerpt":{"rendered":"<p>O cantor gospel e vereador de Salvador Irm\u00e3o L\u00e1zaro (PL-BA) morreu na noite de sexta-feira, 19, por complica\u00e7\u00f5es da covid-19, aos 54 anos. Ele estava internado em estado grave na UTI de um hospital de Feira de Santana, cerca de 100 km da capital baiana, desde o dia 25 de fevereiro. A morte de L\u00e1zaro &hellip;<\/p>\n","protected":false},"author":1,"featured_media":13936,"comment_status":"closed","ping_status":"closed","sticky":false,"template":"","format":"standard","meta":{"_jetpack_newsletter_access":"","_jetpack_dont_email_post_to_subs":false,"_jetpack_newsletter_tier_id":0,"_jetpack_memberships_contains_paywalled_content":false,"_jetpack_memberships_contains_paid_content":false,"footnotes":""},"categories":[1],"tags":[],"class_list":["post-13935","post","type-post","status-publish","format-standard","has-post-thumbnail","hentry","category-destaque"],"jetpack_sharing_enabled":true,"jetpack_featured_media_url":"","_links":{"self":[{"href":"https:\/\/www.oparanews.com.br\/index.php\/wp-json\/wp\/v2\/posts\/13935","targetHints":{"allow":["GET"]}}],"collection":[{"href":"https:\/\/www.oparanews.com.br\/index.php\/wp-json\/wp\/v2\/posts"}],"about":[{"href":"https:\/\/www.oparanews.com.br\/index.php\/wp-json\/wp\/v2\/types\/post"}],"author":[{"embeddable":true,"href":"https:\/\/www.oparanews.com.br\/index.php\/wp-json\/wp\/v2\/users\/1"}],"replies":[{"embeddable":true,"href":"https:\/\/www.oparanews.com.br\/index.php\/wp-json\/wp\/v2\/comments?post=13935"}],"version-history":[{"count":0,"href":"https:\/\/www.oparanews.com.br\/index.php\/wp-json\/wp\/v2\/posts\/13935\/revisions"}],"wp:attachment":[{"href":"https:\/\/www.oparanews.com.br\/index.php\/wp-json\/wp\/v2\/media?parent=13935"}],"wp:term":[{"taxonomy":"category","embeddable":true,"href":"https:\/\/www.oparanews.com.br\/index.php\/wp-json\/wp\/v2\/categories?post=13935"},{"taxonomy":"post_tag","embeddable":true,"href":"https:\/\/www.oparanews.com.br\/index.php\/wp-json\/wp\/v2\/tags?post=13935"}],"curies":[{"name":"wp","href":"https:\/\/api.w.org\/{rel}","templated":true}]}}