{"id":13950,"date":"2021-03-20T13:30:18","date_gmt":"2021-03-20T13:30:18","guid":{"rendered":"https:\/\/oparanews.com.br\/?p=13950"},"modified":"2021-03-20T13:30:18","modified_gmt":"2021-03-20T13:30:18","slug":"datena-critica-governo-por-atraso-na-vacinacao","status":"publish","type":"post","link":"https:\/\/www.oparanews.com.br\/index.php\/2021\/03\/20\/datena-critica-governo-por-atraso-na-vacinacao\/","title":{"rendered":"Datena critica governo por atraso na vacina\u00e7\u00e3o"},"content":{"rendered":"<p>Jos\u00e9 Luiz Datena teceu cr\u00edticas ao governo de Jair Bolsonaro (sem partido), durante o &#8220;Brasil Urgente&#8221; de sexta-feira (19). O apresentador ficou irritado com o atraso do Brasil na vacina\u00e7\u00e3o contra o novo coronav\u00edrus (Sars-coV-2).<\/p>\n<p>&#8220;N\u00f3s demoramos demais para comprar vacinas. Por que o Minist\u00e9rio da Sa\u00fade n\u00e3o comprou antes? N\u00e3o adianta anunciar 538 milh\u00f5es de doses porque n\u00e3o tem vacina pra comprar. Adianta comprar agora? Por que n\u00e3o comprou l\u00e1 atr\u00e1s? Por que n\u00e3o comprou em novembro?\u201d, disse Datena .<\/p>\n<p>Esta n\u00e3o \u00e9 a primeira vez que Datena provoca o governo . Na semana passada, ele criticou Paulo Guedes por conta do aux\u00edlio emergencial. \u201cEu n\u00e3o tenho nada pessoal contra o ministro Paulo Guedes, mas tamb\u00e9m n\u00e3o tenho nada a favor, porque eu n\u00e3o sou amigo dele\u201d, iniciou.<\/p>\n<p>\u201cN\u00e3o sou nada. Eu acho que o ministro da Economia pisa na bola e governa pra rico, e n\u00e3o pra pobre. Eu disse isso para o presidente Bolsonaro, inclusive em entrevista. Eu acho que ele fica segurando (dinheiro para o povo)\u201d, acrescentou.<\/p>\n<p>\u201cO aux\u00edlio emergencial que ele prop\u00f4s na primeira onda foi de R$ 200 e n\u00e3o tinha nem infla\u00e7\u00e3o, nem o d\u00f3lar estava nesse pre\u00e7o de hoje. Agora, ele prop\u00f4s R$ 250 e a c\u00e2mara (dos deputados), ao inv\u00e9s da outra vez for\u00e7ar a barra, agora \u00e9 base do governo. Paulo Guedes mandou fazer porque n\u00e3o queria que houvesse a oposi\u00e7\u00e3o dentro da c\u00e2mera\u201d, completou Datena.<\/p>\n<p>&nbsp;<\/p>\n<p><strong>Fonte: Gente &#8211; iG<\/strong><\/p>\n<p>&nbsp;<\/p>\n","protected":false},"excerpt":{"rendered":"<p>Jos\u00e9 Luiz Datena teceu cr\u00edticas ao governo de Jair Bolsonaro (sem partido), durante o &#8220;Brasil Urgente&#8221; de sexta-feira (19). O apresentador ficou irritado com o atraso do Brasil na vacina\u00e7\u00e3o contra o novo coronav\u00edrus (Sars-coV-2). &#8220;N\u00f3s demoramos demais para comprar vacinas. Por que o Minist\u00e9rio da Sa\u00fade n\u00e3o comprou antes? N\u00e3o adianta anunciar 538 milh\u00f5es &hellip;<\/p>\n","protected":false},"author":1,"featured_media":13951,"comment_status":"closed","ping_status":"closed","sticky":false,"template":"","format":"standard","meta":{"_jetpack_newsletter_access":"","_jetpack_dont_email_post_to_subs":false,"_jetpack_newsletter_tier_id":0,"_jetpack_memberships_contains_paywalled_content":false,"_jetpack_memberships_contains_paid_content":false,"footnotes":""},"categories":[1],"tags":[],"class_list":["post-13950","post","type-post","status-publish","format-standard","has-post-thumbnail","hentry","category-destaque"],"jetpack_sharing_enabled":true,"jetpack_featured_media_url":"","_links":{"self":[{"href":"https:\/\/www.oparanews.com.br\/index.php\/wp-json\/wp\/v2\/posts\/13950","targetHints":{"allow":["GET"]}}],"collection":[{"href":"https:\/\/www.oparanews.com.br\/index.php\/wp-json\/wp\/v2\/posts"}],"about":[{"href":"https:\/\/www.oparanews.com.br\/index.php\/wp-json\/wp\/v2\/types\/post"}],"author":[{"embeddable":true,"href":"https:\/\/www.oparanews.com.br\/index.php\/wp-json\/wp\/v2\/users\/1"}],"replies":[{"embeddable":true,"href":"https:\/\/www.oparanews.com.br\/index.php\/wp-json\/wp\/v2\/comments?post=13950"}],"version-history":[{"count":0,"href":"https:\/\/www.oparanews.com.br\/index.php\/wp-json\/wp\/v2\/posts\/13950\/revisions"}],"wp:attachment":[{"href":"https:\/\/www.oparanews.com.br\/index.php\/wp-json\/wp\/v2\/media?parent=13950"}],"wp:term":[{"taxonomy":"category","embeddable":true,"href":"https:\/\/www.oparanews.com.br\/index.php\/wp-json\/wp\/v2\/categories?post=13950"},{"taxonomy":"post_tag","embeddable":true,"href":"https:\/\/www.oparanews.com.br\/index.php\/wp-json\/wp\/v2\/tags?post=13950"}],"curies":[{"name":"wp","href":"https:\/\/api.w.org\/{rel}","templated":true}]}}