{"id":13956,"date":"2021-03-20T19:52:45","date_gmt":"2021-03-20T19:52:45","guid":{"rendered":"https:\/\/oparanews.com.br\/?p=13956"},"modified":"2021-03-20T19:52:45","modified_gmt":"2021-03-20T19:52:45","slug":"penedo-contra-covid-feiras-livres-recebem-pias-portateis-e-fiscalizacao","status":"publish","type":"post","link":"https:\/\/www.oparanews.com.br\/index.php\/2021\/03\/20\/penedo-contra-covid-feiras-livres-recebem-pias-portateis-e-fiscalizacao\/","title":{"rendered":"Penedo Contra Covid: Feiras livres recebem pias port\u00e1teis e fiscaliza\u00e7\u00e3o"},"content":{"rendered":"<p>A responsabilidade de combater a dissemina\u00e7\u00e3o do coronav\u00edrus \u00e9 de todos. Por isso, a Prefeitura de Penedo, a C\u00e2mara de Vereadores e as empresas JD Constru\u00e7\u00f5es e a L&amp;B (fornecedora de bancas para feiras) uniram-se para propiciar a higieniza\u00e7\u00e3o das m\u00e3os de clientes e comerciantes, medida que evita a contamina\u00e7\u00e3o por Covid-19.<\/p>\n<p>A parceria entre poder p\u00fablico e setor privado viabilizou pias port\u00e1teis na feira livre do Centro da cidade, medida que ser\u00e1 estendida para a Feirinha do Barro Duro e a Feira da Agricultura Familiar.<\/p>\n<p>Neste s\u00e1bado, os equipamentos foram colocados na Pra\u00e7a Costa e Silva, Feira do Peixe, Rua e Travessa Campos Teixeira.<\/p>\n<p>\u201cA disponibiliza\u00e7\u00e3o das pias nas feiras livres \u00e9 uma iniciativa da Prefeitura de Penedo, atrav\u00e9s da Secret\u00e1ria de Abastecimento e Desenvolvimento Agr\u00edcola, numa parceria com a C\u00e2mara de Vereadores e empresas privadas\u201d, refor\u00e7a o gestor da SEMADA, Pedro Felipe Queiroz.<\/p>\n<p>\u201cEsta a\u00e7\u00e3o representa um avan\u00e7o nas medidas de assepsia que estamos tomando, visando o equil\u00edbrio entre os cuidados com a sa\u00fade e a preven\u00e7\u00e3o do cont\u00e1gio pelo coronav\u00edrus, bem como manter a continuidade do abastecimento dos g\u00eaneros aliment\u00edcios no mercado local para atender \u00e0 popula\u00e7\u00e3o\u201d, acrescenta Pedro Felipe.<\/p>\n<p>Fiscaliza\u00e7\u00e3o<\/p>\n<p>Al\u00e9m das pias, o enfretamento conjunto da pandemia \u00e9 feito com apoio da Pol\u00edcia Militar. Uma guarni\u00e7\u00e3o do 11\u00ba BPM acompanha o trabalho de fiscaliza\u00e7\u00e3o que flagrou alguns estabelecimentos que n\u00e3o comercializam alimentos de portas abertas, neste s\u00e1bado.<\/p>\n<p>A Vigil\u00e2ncia Sanit\u00e1ria Municipal orientou sobre as normas em vigor, com imediato atendimento dos respons\u00e1veis para a necessidade de paralisar o funcionamento.<\/p>\n<p>De acordo com o protocolo sanit\u00e1rio previsto na Portaria Conjunta n\u00ba 002\/2021, somente alimentos, rem\u00e9dios e itens considerados essenciais podem ser comercializados.<\/p>\n<p>Exceto por essas pequenas infra\u00e7\u00f5es, prontamente resolvidas, \u201co primeiro dia de feira no padr\u00e3o exigido pela Fase Vermelha foi bem tranquilo\u201d, ressalta Pedro Queiroz.<\/p>\n<p>\u201cTudo funcionou dentro do padr\u00e3o de distanciamento das bancas, uso de m\u00e1scara e \u00e1lcool 70%, e sem aglomera\u00e7\u00e3o. Os feirantes e os consumidores colaboraram, compreendendo que vivemos um momento dif\u00edcil e que todos estamos juntos nessa guerra\u201d, completa o representante do governo Crescendo Com Seu Povo.<\/p>\n<p>Pedro Queiroz agradece o apoio do prefeito Ronaldo Lopes, do Vice-Prefeito Jo\u00e3o Lucas, da C\u00e2mara de Vereadores, das empresas que doaram as pias (duas da JD e tr\u00eas da L&amp;B) e da Pol\u00edcia Militar para enfrentar o avan\u00e7o da doen\u00e7a que assola o Brasil, pa\u00eds com mais de 290 mil \u00f3bitos por Covid at\u00e9 este final de semana.<\/p>\n<p>&nbsp;<\/p>\n<p><strong>por Fernando Vin\u00edcius \u2013 Decom PMP<\/strong><\/p>\n<p>&nbsp;<\/p>\n","protected":false},"excerpt":{"rendered":"<p>A responsabilidade de combater a dissemina\u00e7\u00e3o do coronav\u00edrus \u00e9 de todos. Por isso, a Prefeitura de Penedo, a C\u00e2mara de Vereadores e as empresas JD Constru\u00e7\u00f5es e a L&amp;B (fornecedora de bancas para feiras) uniram-se para propiciar a higieniza\u00e7\u00e3o das m\u00e3os de clientes e comerciantes, medida que evita a contamina\u00e7\u00e3o por Covid-19. A parceria entre &hellip;<\/p>\n","protected":false},"author":1,"featured_media":13957,"comment_status":"closed","ping_status":"closed","sticky":false,"template":"","format":"standard","meta":{"_jetpack_newsletter_access":"","_jetpack_dont_email_post_to_subs":false,"_jetpack_newsletter_tier_id":0,"_jetpack_memberships_contains_paywalled_content":false,"_jetpack_memberships_contains_paid_content":false,"footnotes":""},"categories":[1],"tags":[],"class_list":["post-13956","post","type-post","status-publish","format-standard","has-post-thumbnail","hentry","category-destaque"],"jetpack_sharing_enabled":true,"jetpack_featured_media_url":"","_links":{"self":[{"href":"https:\/\/www.oparanews.com.br\/index.php\/wp-json\/wp\/v2\/posts\/13956","targetHints":{"allow":["GET"]}}],"collection":[{"href":"https:\/\/www.oparanews.com.br\/index.php\/wp-json\/wp\/v2\/posts"}],"about":[{"href":"https:\/\/www.oparanews.com.br\/index.php\/wp-json\/wp\/v2\/types\/post"}],"author":[{"embeddable":true,"href":"https:\/\/www.oparanews.com.br\/index.php\/wp-json\/wp\/v2\/users\/1"}],"replies":[{"embeddable":true,"href":"https:\/\/www.oparanews.com.br\/index.php\/wp-json\/wp\/v2\/comments?post=13956"}],"version-history":[{"count":0,"href":"https:\/\/www.oparanews.com.br\/index.php\/wp-json\/wp\/v2\/posts\/13956\/revisions"}],"wp:attachment":[{"href":"https:\/\/www.oparanews.com.br\/index.php\/wp-json\/wp\/v2\/media?parent=13956"}],"wp:term":[{"taxonomy":"category","embeddable":true,"href":"https:\/\/www.oparanews.com.br\/index.php\/wp-json\/wp\/v2\/categories?post=13956"},{"taxonomy":"post_tag","embeddable":true,"href":"https:\/\/www.oparanews.com.br\/index.php\/wp-json\/wp\/v2\/tags?post=13956"}],"curies":[{"name":"wp","href":"https:\/\/api.w.org\/{rel}","templated":true}]}}