{"id":13959,"date":"2021-03-20T23:12:27","date_gmt":"2021-03-20T23:12:27","guid":{"rendered":"https:\/\/oparanews.com.br\/?p=13959"},"modified":"2021-03-20T23:12:27","modified_gmt":"2021-03-20T23:12:27","slug":"balanco-geral-estreia-nesta-segunda-22-na-web-radio-e-no-facebook-do-oparanews","status":"publish","type":"post","link":"https:\/\/www.oparanews.com.br\/index.php\/2021\/03\/20\/balanco-geral-estreia-nesta-segunda-22-na-web-radio-e-no-facebook-do-oparanews\/","title":{"rendered":"Balan\u00e7o Geral estreia nesta segunda, 22, na web r\u00e1dio e no Facebook do OparaNews"},"content":{"rendered":"<p>Estreia nesta segunda-feira, 22, das 12h \u00e0s 13h, o Programa Balan\u00e7o Geral na Web R\u00e1dio e no Facebook do OparaNews.<\/p>\n<p>O programa abordar\u00e1 noticias de Penedo, Alagoas e do Brasil no \u00e2mbito jornal\u00edstico e tamb\u00e9m esportivo.<\/p>\n<p>O \u00e2ncora do programa ser\u00e1 o radialista Valdi Fernando Costa e ter\u00e1 as participa\u00e7\u00f5es de Walder Lima e Walberth Lima, destacando o esporte local e nacional.<\/p>\n<p>&#8220;Estamos voltando com o programa Balan\u00e7o Geral na web r\u00e1dio e facebook do OparaNews para d\u00e1 mais uma op\u00e7\u00e3o de jornalismo aos ouvintes. Esperamos contar com a audi\u00eancia de todos&#8221;, disse Valdi Fernando.<\/p>\n<p>Lembrando que o programa ser\u00e1 exibido todas as segundas, quartas e sextas-feiras, das 12h \u00e0s 13h. Os ouvintes que queiram participar ao vivo, \u00e9 s\u00f3 entrar em contato atrav\u00e9s do telefone (82) 9 9974-0704.<\/p>\n<p><strong>Link para ouvir:<\/strong><\/p>\n<p><a href=\"https:\/\/webradiooparanews.com\/\"><strong>https:\/\/webradiooparanews.com\/<\/strong><\/a><\/p>\n<p><a href=\"https:\/\/www.radios.com.br\/aovivo\/opara-news\/27871\"><strong>https:\/\/www.radios.com.br\/aovivo\/opara-news\/27871<\/strong><\/a><\/p>\n<p><a href=\"https:\/\/play.google.com\/store\/apps\/details?id=com.rb.radiosafrancisco\"><strong>https:\/\/play.google.com\/store\/apps\/details?id=com.rb.radiosafrancisco<\/strong><\/a><\/p>\n<p><strong>Link para assistir:<\/strong><\/p>\n<p><a href=\"https:\/\/www.facebook.com\/oparanewspenedo\"><strong>https:\/\/www.facebook.com\/oparanewspenedo<\/strong><\/a><\/p>\n<p>&nbsp;<\/p>\n<p><strong>por Reda\u00e7\u00e3o<\/strong><\/p>\n<p><a href=\"https:\/\/oparanews.com.br\/wp-content\/uploads\/2021\/03\/C\u00f3pia-de-C\u00f3pia-de-C\u00f3pia-de-GRANDE-RIO-scaled.jpg\"><img loading=\"lazy\" decoding=\"async\" class=\"alignleft size-medium wp-image-13961\" src=\"https:\/\/oparanews.com.br\/wp-content\/uploads\/2021\/03\/C\u00f3pia-de-C\u00f3pia-de-C\u00f3pia-de-GRANDE-RIO-300x300.jpg\" alt=\"\" width=\"300\" height=\"300\" \/><\/a><\/p>\n<p>&nbsp;<\/p>\n","protected":false},"excerpt":{"rendered":"<p>Estreia nesta segunda-feira, 22, das 12h \u00e0s 13h, o Programa Balan\u00e7o Geral na Web R\u00e1dio e no Facebook do OparaNews. O programa abordar\u00e1 noticias de Penedo, Alagoas e do Brasil no \u00e2mbito jornal\u00edstico e tamb\u00e9m esportivo. O \u00e2ncora do programa ser\u00e1 o radialista Valdi Fernando Costa e ter\u00e1 as participa\u00e7\u00f5es de Walder Lima e Walberth &hellip;<\/p>\n","protected":false},"author":1,"featured_media":13960,"comment_status":"closed","ping_status":"closed","sticky":false,"template":"","format":"standard","meta":{"_jetpack_newsletter_access":"","_jetpack_dont_email_post_to_subs":false,"_jetpack_newsletter_tier_id":0,"_jetpack_memberships_contains_paywalled_content":false,"_jetpack_memberships_contains_paid_content":false,"footnotes":""},"categories":[1],"tags":[],"class_list":["post-13959","post","type-post","status-publish","format-standard","has-post-thumbnail","hentry","category-destaque"],"jetpack_sharing_enabled":true,"jetpack_featured_media_url":"","_links":{"self":[{"href":"https:\/\/www.oparanews.com.br\/index.php\/wp-json\/wp\/v2\/posts\/13959","targetHints":{"allow":["GET"]}}],"collection":[{"href":"https:\/\/www.oparanews.com.br\/index.php\/wp-json\/wp\/v2\/posts"}],"about":[{"href":"https:\/\/www.oparanews.com.br\/index.php\/wp-json\/wp\/v2\/types\/post"}],"author":[{"embeddable":true,"href":"https:\/\/www.oparanews.com.br\/index.php\/wp-json\/wp\/v2\/users\/1"}],"replies":[{"embeddable":true,"href":"https:\/\/www.oparanews.com.br\/index.php\/wp-json\/wp\/v2\/comments?post=13959"}],"version-history":[{"count":0,"href":"https:\/\/www.oparanews.com.br\/index.php\/wp-json\/wp\/v2\/posts\/13959\/revisions"}],"wp:attachment":[{"href":"https:\/\/www.oparanews.com.br\/index.php\/wp-json\/wp\/v2\/media?parent=13959"}],"wp:term":[{"taxonomy":"category","embeddable":true,"href":"https:\/\/www.oparanews.com.br\/index.php\/wp-json\/wp\/v2\/categories?post=13959"},{"taxonomy":"post_tag","embeddable":true,"href":"https:\/\/www.oparanews.com.br\/index.php\/wp-json\/wp\/v2\/tags?post=13959"}],"curies":[{"name":"wp","href":"https:\/\/api.w.org\/{rel}","templated":true}]}}