{"id":13980,"date":"2021-03-21T23:25:53","date_gmt":"2021-03-21T23:25:53","guid":{"rendered":"https:\/\/oparanews.com.br\/?p=13980"},"modified":"2021-03-21T23:25:53","modified_gmt":"2021-03-21T23:25:53","slug":"bolsonaro-reune-apoiadores-e-diz-que-faz-tudo-pelo-povo","status":"publish","type":"post","link":"https:\/\/www.oparanews.com.br\/index.php\/2021\/03\/21\/bolsonaro-reune-apoiadores-e-diz-que-faz-tudo-pelo-povo\/","title":{"rendered":"Bolsonaro re\u00fane apoiadores e diz que faz tudo pelo povo"},"content":{"rendered":"<p>No momento em que o Brasil passa pelo pior momento da pandemia e por um pico de mortes causadas pela covid-19, o presidente Jair Bolsonaro (Sem partido) aproveitou seu anivers\u00e1rio para reagir \u00e0s cr\u00edticas sobre sua atua\u00e7\u00e3o no enfrentamento da doen\u00e7a. &#8220;Est\u00e3o esticando a corda e fa\u00e7o qualquer coisa pelo meu povo. Qualquer coisa que est\u00e1 na Constitui\u00e7\u00e3o, \u00e9 o direito de ir e vir. Podem confiar na gente&#8221;, afirmou a cerca de 100 apoiadores que se aglomeraram em frente ao Pal\u00e1cio da Alvorada para cumpriment\u00e1-lo pelos 66 anos completados neste domingo, 21. O Brasil j\u00e1 registra mais de 292 mil mortes e quase 12 milh\u00f5es de casos confirmados de covid-19.<\/p>\n<p>Mesmo diante do colapso no sistema de sa\u00fade e das filas de espera por leitos em diversos Estados do Pa\u00eds, Bolsonaro mant\u00e9m postura contr\u00e1ria a medidas de fechamento de atividade econ\u00f4mica determinadas por governadores. Durante a semana, o chefe do Executivo chegou a insinuar a possibilidade de decretar estado de s\u00edtio, mas depois negou que usaria a medida extrema, quando questionado pelo presidente do Supremo Tribunal Federal (STF), Luiz Fux. Na quinta-feira, 18, Bolsonaro assinou A\u00e7\u00e3o Direta de Inconstitucionalidade (ADI) da Advocacia-Geral da Uni\u00e3o (AGU) apresentada ao Supremo para derrubar decretos estaduais de tr\u00eas governadores contendo medidas restritivas, como toque de recolher.<\/p>\n<p>No Legislativo, menos de um m\u00eas da vit\u00f3ria dos candidatos governistas nas elei\u00e7\u00f5es internas, a parceria com o Centr\u00e3o se alterou de um estado de &#8220;lua de mel&#8221; para cobran\u00e7as p\u00fablicas e amea\u00e7as veladas de abertura de impeachment e CPI para investigar o Planalto.<\/p>\n<p>&#8220;Pode ter certeza de uma coisa: minha for\u00e7a vem de Deus e de voc\u00eas. Se algu\u00e9m acha que algum dia abriremos m\u00e3o da nossa liberdade est\u00e3o enganados (sic)&#8221;, declarou. O presidente chegou ao local acompanhado da primeira-dama, Michelle. Os dois usavam m\u00e1scara, mas ele a retirou para falar com os apoiadores.<\/p>\n<p>Aos presentes, Bolsonaro disse que contava com dois ex\u00e9rcitos: o verde-oliva e a popula\u00e7\u00e3o. O presidente tamb\u00e9m declarou que as For\u00e7as Armadas devem atuar pela democracia e pela liberdade. &#8220;Voc\u00eas me deram um voto de confian\u00e7a na elei\u00e7\u00e3o de 2018. Enquanto eu for presidente, s\u00f3 Deus me tira daqui. Eu estarei com voc\u00eas&#8221;, garantiu. Em \u00eaxtase, apoiadores gritaram a favor da reelei\u00e7\u00e3o de Bolsonaro.<\/p>\n<p>Diante da queda de sua popularidade devido ao ritmo lento da vacina\u00e7\u00e3o, Bolsonaro tomou atitude oposta \u00e0 do ano passado. H\u00e1 um ano, apenas dez dias depois de a Organiza\u00e7\u00e3o Mundial de Sa\u00fade (OMS) declarar que a covid-19 havia se transformado em uma pandemia, Bolsonaro evitou comemora\u00e7\u00f5es p\u00fablicas e reuniu apenas os filhos e as netas. Ele se limitou a gravar um v\u00eddeo com mensagem de esperan\u00e7a sobre o tratamento da doen\u00e7a. Na ocasi\u00e3o, a informa\u00e7\u00e3o era a de que a covid-19 havia contaminado 904 pessoas e matado dez pessoas no Brasil.<\/p>\n<p>A maioria das pessoas presentes neste domingo em frente \u00e0 resid\u00eancia oficial estava vestida de verde e amarelo. Algumas portavam bandeiras do Brasil. Grande parte dos apoiadores n\u00e3o estava de m\u00e1scara.<\/p>\n<p>Bolsonaro e Michele chegaram ao ponto de encontro com m\u00e1scara \u2013 ela com um vestido c\u00e1qui \u2013 e acenaram para os populares. Um alambrado de metal separava o presidente das pessoas. Do lado de dentro, havia um bolo com a foto de Bolsonaro em uma mesa com bal\u00f5es e enfeites nas cores verde e amarela.<\/p>\n<p>\u00c0s 14h20, os apoiadores cantaram o tradicional &#8220;Parab\u00e9ns a voc\u00ea&#8221;. Muitas das pessoas gritavam &#8220;parab\u00e9ns&#8221; e diziam seu Estado de origem.<\/p>\n<p>Bolsonaro tamb\u00e9m defendeu as a\u00e7\u00f5es do governo na \u00e1rea econ\u00f4mica. Enfatizou em sua fala que o aux\u00edlio emergencial concedido no ano passado \u2013 e que voltar\u00e1 a ser pago a partir do m\u00eas que vem \u2013 para as pessoas que est\u00e3o passando por necessidade &#8220;\u00e9 o maior projeto social do mundo&#8221;, mesmo com a redu\u00e7\u00e3o expressiva dos valores, de R$ 600 para R$ 250, e do p\u00fablico que ser\u00e1 beneficiado neste ano.<\/p>\n<p>&#8220;O povo precisou e atendemos. O que o povo mais pede para mim agora \u00e9 : &#8216;quero trabalhar'&#8221;, disse. Na sequ\u00eancia, os apoiadores entoaram em conjunto: &#8220;queremos trabalhar&#8221;.<\/p>\n<p>O presidente manteve o tom do pronunciamento e disse que o trabalho dignifica o homem e a mulher. &#8220;Ningu\u00e9m quer viver de favor do Estado porque, quem vive de favor, abre m\u00e3o de sua liberdade&#8221;, afirmou. &#8220;Vamos vencer essa batalha. Podem ter a certeza de que estamos no lado do bem. N\u00e3o queremos que o Brasil mergulhe no socialismo. N\u00e3o trilharemos esse caminho&#8221;, garantiu. Em resposta, populares come\u00e7aram a gritar &#8220;mito&#8221;, &#8220;a nossa bandeira jamais ser\u00e1 vermelha&#8221; e um trecho do Hino da Independ\u00eancia: &#8220;Ou ficar a p\u00e1tria livre ou morrer pelo Brasil&#8221;.<\/p>\n<p>Depois do discurso, Bolsonaro cortou o bolo e deu o primeiro peda\u00e7o a uma crian\u00e7a que estava do outro lado do alambrado. Um menino tamb\u00e9m pulou o cercado para abra\u00e7ar o presidente. Michelle tamb\u00e9m falou rapidamente. Agradeceu os presentes e, em especial o &#8220;carinho com a vida do Jair e com a minha vida&#8221;.<\/p>\n<p>O presidente ainda pegou uma crian\u00e7a que estava com a camisa do Palmeiras &#8211; mesmo time de Bolsonaro &#8211; e a colocou em seus ombros. Os presentes passaram, ent\u00e3o, a rezar o Pai Nosso. Na sequ\u00eancia, pediram ao casal que se beijasse e, mais uma vez, Michelle e Bolsonaro tiram as m\u00e1scaras para atender ao povo. Antes de sair do local, o presidente ainda colocou outra menina em seus ombros, tirou selfies, ouviu pedidos dos presentes e recebeu uma ora\u00e7\u00e3o.<\/p>\n<p>Mais cedo, em mais uma tentativa de ajustar o discurso contr\u00e1rio \u00e0 vacina\u00e7\u00e3o que manteve durante todo o ano de 2020, Bolsonaro usou as redes sociais para exaltar a chegada das primeiras vacinas oriundas do Cons\u00f3rcio Covax Facility, da AstraZeneca, produzidas na Coreia do Sul, e a distribui\u00e7\u00e3o de novas doses de imunizantes produzidos pela Fiocruz e pelo Instituto Butantan.<\/p>\n<p>No exterior, o Brasil gera preocupa\u00e7\u00f5es. A nova cepa brasileira j\u00e1 foi identificada al\u00e9m da fronteira e \u00e9 motivo de preocupa\u00e7\u00e3o entre autoridades da regi\u00e3o. Peru e Col\u00f4mbia proibiram voos do Brasil. O Uruguai mandou mais doses de vacinas para a fronteira com o Rio Grande do Sul. Quem vai do Brasil para o Chile precisa ficar em quarentena. Os argentinos impuseram restri\u00e7\u00f5es \u00e0 entrada de brasileiros e a Venezuela tem medo da nova variante surgida no Pa\u00eds.<\/p>\n<p>No s\u00e1bado, 20, o governo brasileiro informou, por meio do Itamaraty, que come\u00e7ou tratativas com os Estados Unidos sobre eventual importa\u00e7\u00e3o de doses de vacinas contra covid-19 no dia 13 de mar\u00e7o. A movimenta\u00e7\u00e3o do Brasil, no entanto, aconteceu depois de requisi\u00e7\u00e3o semelhante feita por outros pa\u00edses e tamb\u00e9m ap\u00f3s a Casa Branca ser pressionada pela comunidade internacional para compartilhar doses paradas.<\/p>\n<p>No dia 11 de mar\u00e7o, o jornal The New York Times revelou que pa\u00edses haviam requisitado o excedente de vacinas de Oxford\/AstraZeneca que n\u00e3o est\u00e3o em uso. Segundo o jornal, autoridades do governo Biden j\u00e1 discutiam a possibilidade de enviar doses ao Brasil, que \u00e9 considerado o novo epicentro do coronav\u00edrus e um celeiro mundial de novas cepas, antes mesmo do pedido do governo brasileiro.<\/p>\n<p>Neste domingo, 21, o Minist\u00e9rio da Sa\u00fade admitiu que o cumprimento dos prazos previstos no cronograma de entrega de vacinas depende dos laborat\u00f3rios fabricantes. A informa\u00e7\u00e3o do minist\u00e9rio foi divulgada ap\u00f3s not\u00edcia do jornal O Globo, com base em informa\u00e7\u00f5es da Ag\u00eancia Reuters, apontar um prov\u00e1vel atraso na entrega de vacinas AstraZeneca\/Oxford com produ\u00e7\u00e3o pelo laborat\u00f3rio Serum, da \u00cdndia.<\/p>\n<p>A nota do Minist\u00e9rio da Sa\u00fade ressalta que o contrato firmado com o laborat\u00f3rio Serum prev\u00ea a entrega de 2 milh\u00f5es de doses da vacina AstraZeneca\/Oxford importadas por m\u00eas, em abril, maio, junho e julho, totalizando 8 milh\u00f5es ao fim de julho. A pasta, no entanto, admite que trabalha com a possibilidade de atraso pelo fornecedor, embora tenha dito que n\u00e3o havia sido informada pela fabricante na \u00cdndia a respeito do poss\u00edvel atraso na entrega das doses do Serum.<\/p>\n<p>&#8220;\u00c9 importante esclarecer que o cronograma de entregas de doses, enviado pelos laborat\u00f3rios fabricantes para o Minist\u00e9rio, pode sofrer constantes altera\u00e7\u00f5es, de acordo com a produ\u00e7\u00e3o dos insumos&#8221;, disse<\/p>\n<p>&nbsp;<\/p>\n<p><strong>Fonte: Terra<\/strong><\/p>\n<p>&nbsp;<\/p>\n","protected":false},"excerpt":{"rendered":"<p>No momento em que o Brasil passa pelo pior momento da pandemia e por um pico de mortes causadas pela covid-19, o presidente Jair Bolsonaro (Sem partido) aproveitou seu anivers\u00e1rio para reagir \u00e0s cr\u00edticas sobre sua atua\u00e7\u00e3o no enfrentamento da doen\u00e7a. &#8220;Est\u00e3o esticando a corda e fa\u00e7o qualquer coisa pelo meu povo. Qualquer coisa que &hellip;<\/p>\n","protected":false},"author":1,"featured_media":13981,"comment_status":"closed","ping_status":"closed","sticky":false,"template":"","format":"standard","meta":{"_jetpack_newsletter_access":"","_jetpack_dont_email_post_to_subs":false,"_jetpack_newsletter_tier_id":0,"_jetpack_memberships_contains_paywalled_content":false,"_jetpack_memberships_contains_paid_content":false,"footnotes":""},"categories":[1],"tags":[],"class_list":["post-13980","post","type-post","status-publish","format-standard","has-post-thumbnail","hentry","category-destaque"],"jetpack_sharing_enabled":true,"jetpack_featured_media_url":"","_links":{"self":[{"href":"https:\/\/www.oparanews.com.br\/index.php\/wp-json\/wp\/v2\/posts\/13980","targetHints":{"allow":["GET"]}}],"collection":[{"href":"https:\/\/www.oparanews.com.br\/index.php\/wp-json\/wp\/v2\/posts"}],"about":[{"href":"https:\/\/www.oparanews.com.br\/index.php\/wp-json\/wp\/v2\/types\/post"}],"author":[{"embeddable":true,"href":"https:\/\/www.oparanews.com.br\/index.php\/wp-json\/wp\/v2\/users\/1"}],"replies":[{"embeddable":true,"href":"https:\/\/www.oparanews.com.br\/index.php\/wp-json\/wp\/v2\/comments?post=13980"}],"version-history":[{"count":0,"href":"https:\/\/www.oparanews.com.br\/index.php\/wp-json\/wp\/v2\/posts\/13980\/revisions"}],"wp:attachment":[{"href":"https:\/\/www.oparanews.com.br\/index.php\/wp-json\/wp\/v2\/media?parent=13980"}],"wp:term":[{"taxonomy":"category","embeddable":true,"href":"https:\/\/www.oparanews.com.br\/index.php\/wp-json\/wp\/v2\/categories?post=13980"},{"taxonomy":"post_tag","embeddable":true,"href":"https:\/\/www.oparanews.com.br\/index.php\/wp-json\/wp\/v2\/tags?post=13980"}],"curies":[{"name":"wp","href":"https:\/\/api.w.org\/{rel}","templated":true}]}}