{"id":13992,"date":"2021-03-22T00:01:29","date_gmt":"2021-03-22T00:01:29","guid":{"rendered":"https:\/\/oparanews.com.br\/?p=13992"},"modified":"2021-03-22T00:01:29","modified_gmt":"2021-03-22T00:01:29","slug":"homem-de-36-anos-e-mais-21-pessoas-morrem-de-covid-19-em-alagoas","status":"publish","type":"post","link":"https:\/\/www.oparanews.com.br\/index.php\/2021\/03\/22\/homem-de-36-anos-e-mais-21-pessoas-morrem-de-covid-19-em-alagoas\/","title":{"rendered":"Homem de 36 anos e mais 21 pessoas morrem de Covid-19 em Alagoas"},"content":{"rendered":"<p>Alagoas registrou 1.063 casos e 22 mortes por Covid-19 nas \u00faltimas 24 horas, segundo o boletim epidemiol\u00f3gico da Secretaria de Estado da Sa\u00fade (Sesau) deste domingo (21).<\/p>\n<p>Um homem de 36 anos, sem doen\u00e7as pr\u00e9-existentes, foi uma das 22 v\u00edtimas da Covid-19.<\/p>\n<p>O estado chegou ao total de 147.459 casos e 3.338 \u00f3bitos pela Covid-19.<\/p>\n<p>Do total de casos confirmados desde o in\u00edcio da pandemia, 139.256 pessoas se recuperaram.<\/p>\n<p>At\u00e9 as 16h de s\u00e1bado, a taxa de ocupa\u00e7\u00e3o de leitos de UTI para Covid-19 estava em 86%.<\/p>\n<p>O n\u00famero acumulado de casos suspeitos chegou a 15.127.<\/p>\n<p>Dos 22 \u00f3bitos registrados nas \u00faltimas 24 horas no estado, 11 foram registrados no interior e 11 em Macei\u00f3.<\/p>\n<p>Os \u00f3bitos registrados em 24 horas n\u00e3o significam, necessariamente, que as mortes aconteceram de um dia para o outro, mas que foram contabilizadas no sistema neste per\u00edodo. Os n\u00fameros dos boletins epidemiol\u00f3gicos costumam ser menores aos fins de semana e \u00e0s segundas-feiras por causa do atraso na notifica\u00e7\u00e3o nessas datas.<\/p>\n<p><strong>Mais 22 mortes por Covid-19<\/strong><\/p>\n<p>Macei\u00f3: Homem, 53 anos \u2013 diab\u00e9tico, p\u00e9 diab\u00e9tico e \u00falcera sacral<br \/>\nMacei\u00f3: Homem, 54 anos \u2013 sem comorbidades<br \/>\nMacei\u00f3: Homem, 63 anos \u2013 hipertenso e diab\u00e9tico<br \/>\nMacei\u00f3: Homem, 64 anos \u2013 hipertenso<br \/>\nMacei\u00f3: Homem, 71 anos \u2013 doen\u00e7a cardiovascular e doen\u00e7a renal cr\u00f4nica<br \/>\nMacei\u00f3: Homem, 73 anos \u2013 diab\u00e9tico e doen\u00e7a cardiovascular<br \/>\nMacei\u00f3: Homem, 75 anos \u2013 hipertenso e insufici\u00eancia renal cr\u00f4nica n\u00e3o dial\u00edtica<br \/>\nMacei\u00f3: Mulher, 67 anos \u2013 hipertensa<br \/>\nMacei\u00f3: Mulher, 68 anos \u2013 diab\u00e9tica<br \/>\nMacei\u00f3: Mulher, 70 anos \u2013 pneumopatia<br \/>\nMacei\u00f3: Mulher, 73 anos \u2013 diab\u00e9tica<br \/>\nMurici: Homem, 36 anos \u2013 sem comorbidades<br \/>\nArapiraca: Homem, 47 anos \u2013 ex-tabagista<br \/>\nRio Largo: Homem, 54 anos \u2013 doen\u00e7a respirat\u00f3ria cr\u00f4nica<br \/>\nUni\u00e3o dos Palmares: Homem, 58 anos \u2013 diab\u00e9tico<br \/>\nArapiraca: Homem, 64 anos \u2013 sem comorbidades<br \/>\nBoca da Mata: Homem, 73 anos \u2013 diabetes e doen\u00e7a cardiovascular<br \/>\nMajor Izidoro: Homem, 77 anos \u2013 cardiopatia<br \/>\nRio Largo: Homem, 82 anos \u2013 Parkinson<br \/>\nMajor Izidoro: Mulher, 62 anos \u2013 sem comorbidades<br \/>\nMajor Izidoro: Mulher, 78 anos \u2013 hipertens\u00e3o e diabetes<br \/>\nMarechal Deodoro: Mulher, 84 anos \u2013 doen\u00e7a cardiovascular cr\u00f4nica e doen\u00e7a neurol\u00f3gica cr\u00f4nica<\/p>\n<p>&nbsp;<\/p>\n<p><strong>Fonte: G1\/AL<\/strong><\/p>\n<p>&nbsp;<\/p>\n","protected":false},"excerpt":{"rendered":"<p>Alagoas registrou 1.063 casos e 22 mortes por Covid-19 nas \u00faltimas 24 horas, segundo o boletim epidemiol\u00f3gico da Secretaria de Estado da Sa\u00fade (Sesau) deste domingo (21). Um homem de 36 anos, sem doen\u00e7as pr\u00e9-existentes, foi uma das 22 v\u00edtimas da Covid-19. O estado chegou ao total de 147.459 casos e 3.338 \u00f3bitos pela Covid-19. &hellip;<\/p>\n","protected":false},"author":1,"featured_media":6872,"comment_status":"closed","ping_status":"closed","sticky":false,"template":"","format":"standard","meta":{"_jetpack_newsletter_access":"","_jetpack_dont_email_post_to_subs":false,"_jetpack_newsletter_tier_id":0,"_jetpack_memberships_contains_paywalled_content":false,"_jetpack_memberships_contains_paid_content":false,"footnotes":""},"categories":[1],"tags":[],"class_list":["post-13992","post","type-post","status-publish","format-standard","has-post-thumbnail","hentry","category-destaque"],"jetpack_sharing_enabled":true,"jetpack_featured_media_url":"","_links":{"self":[{"href":"https:\/\/www.oparanews.com.br\/index.php\/wp-json\/wp\/v2\/posts\/13992","targetHints":{"allow":["GET"]}}],"collection":[{"href":"https:\/\/www.oparanews.com.br\/index.php\/wp-json\/wp\/v2\/posts"}],"about":[{"href":"https:\/\/www.oparanews.com.br\/index.php\/wp-json\/wp\/v2\/types\/post"}],"author":[{"embeddable":true,"href":"https:\/\/www.oparanews.com.br\/index.php\/wp-json\/wp\/v2\/users\/1"}],"replies":[{"embeddable":true,"href":"https:\/\/www.oparanews.com.br\/index.php\/wp-json\/wp\/v2\/comments?post=13992"}],"version-history":[{"count":0,"href":"https:\/\/www.oparanews.com.br\/index.php\/wp-json\/wp\/v2\/posts\/13992\/revisions"}],"wp:attachment":[{"href":"https:\/\/www.oparanews.com.br\/index.php\/wp-json\/wp\/v2\/media?parent=13992"}],"wp:term":[{"taxonomy":"category","embeddable":true,"href":"https:\/\/www.oparanews.com.br\/index.php\/wp-json\/wp\/v2\/categories?post=13992"},{"taxonomy":"post_tag","embeddable":true,"href":"https:\/\/www.oparanews.com.br\/index.php\/wp-json\/wp\/v2\/tags?post=13992"}],"curies":[{"name":"wp","href":"https:\/\/api.w.org\/{rel}","templated":true}]}}