{"id":13994,"date":"2021-03-22T00:30:41","date_gmt":"2021-03-22T00:30:41","guid":{"rendered":"https:\/\/oparanews.com.br\/?p=13994"},"modified":"2021-03-22T00:30:41","modified_gmt":"2021-03-22T00:30:41","slug":"geraldo-luis-deixa-hospital-e-agradece-ludhmila-hajjar","status":"publish","type":"post","link":"https:\/\/www.oparanews.com.br\/index.php\/2021\/03\/22\/geraldo-luis-deixa-hospital-e-agradece-ludhmila-hajjar\/","title":{"rendered":"Geraldo Lu\u00eds deixa hospital e agradece Ludhmila Hajjar"},"content":{"rendered":"<p>Geraldo Lu\u00eds entrou para a lista dos curados do coronav\u00edrus. Neste domingo (21), o apresentador postou uma foto ao lado da equipe m\u00e9dica pela qual foi cuidado e deixou um agradecimento ao trabalho de Ludhmila Hajjar, m\u00e9dica que recusou o convite para assumir o Minist\u00e9rio da Sa\u00fade.<\/p>\n<p>\u201cViva a vida! Depois de 22 dias internado, tive alta ontem \u00e0 noite. Passei uma travessia como de um rio turbulento que aos poucos foi acalmando. Agradecer toda equipe de enfermeiros, m\u00e9dicos e minha amiga que diretamente foi a respons\u00e1vel pelo meu tratamento que me trouxe de volta\u201c, iniciou.<\/p>\n<p>\u201cMulher determinada a salvar vidas @draludhmilahajjar que tanto cuidou de mim. O que senti quando elas entraram no quarto? Uma voz de Deus interna em mim, voc\u00eas que oraram TANTO por mim muito obrigado, que Jesus cuide de voc\u00eas. A gratid\u00e3o por voltar ! Vivo pra casa\u201d, completou.<\/p>\n<p>Vale lembrar que, dos 22 dias que ficou no hospital, Geraldo Lu\u00eds chegou a passar 10 dias a UTI. Em uma publica\u00e7\u00e3o anterior, o famoso ainda revelou como a doen\u00e7a afetou o seu pulm\u00e3o.<\/p>\n<p>\u201cAQUI O MILAGRE ! Como n\u00e3o mostrar a voc\u00eas o COVID fez comigo. Pouca gente hoje vive milagres ou tem provas sobre essa miseric\u00f3rdia Divina. Fiquei 10 dias na UTI aos cuidados da competente e seria @draludhmilahajjar que aplicou em meu corpo rem\u00e9dios que a ci\u00eancia indica, o resto \u00e9 conversa e perda de tempo a vidas\u201d, escreveu o apresentador, que postou fotos de exames do seu pulm\u00e3o.<\/p>\n<p>\u201cMeu pulm\u00e3o foi afetado 70 por cento de uma pneumonia, a parte branca onde o v\u00edrus pegou, ele nos siga, secamos em tudo. A parte preta nos cantos foi a \u00fanica que ficou. N\u00e3o precisei ser entubado, Dra e @stephanie.i.rizk me ampararam muito me informando sobre tudo. Elas mesmo falaram deste MILAGRE que ocorreu comigo. Tenho a certeza das m\u00e3os de Jesus sobre mim, ordens Divinas do c\u00e9u, a presen\u00e7a de minha m\u00e3e Olga na na UTI e anjos. A ora\u00e7\u00e3o de voc\u00eas entrou como gotas de soro na alma. O poder do AMOR recupera\u201d, completou.<\/p>\n<p>\u201cAs sequelas normais ficaram e estou lutando dia a dia. O banho sozinho ainda n\u00e3o mas vir\u00e1, terei que recuperar massa, perdi 11 quilos. Estou mais que feliz, nasce mais uma vez um Geraldo em mim. Um novo Geraldo aqui mora em mim, poucos entender\u00e3o\u2026mas n\u00e3o estou preocupado. Quando a morte, medo ou riscos bate na nossa porta, nunca mais nosso lar interno ser\u00e1 o mesmo. Lutar e seguir\u2026se cuidem, se amem esse v\u00edrus levou muita gente forte, jovem. Obrigado por existirem em minha vida. Jesus aben\u00e7oe voc\u00eas\u2026VACINA logo pra todos, menos conversa menos pol\u00edticas e mais A\u00c7\u00c3O. Milagres existem, olha eu AQUI\u201d, concluiu.<\/p>\n<p>&nbsp;<\/p>\n<p><strong>Fonte: RD1<\/strong><\/p>\n<p>&nbsp;<\/p>\n","protected":false},"excerpt":{"rendered":"<p>Geraldo Lu\u00eds entrou para a lista dos curados do coronav\u00edrus. Neste domingo (21), o apresentador postou uma foto ao lado da equipe m\u00e9dica pela qual foi cuidado e deixou um agradecimento ao trabalho de Ludhmila Hajjar, m\u00e9dica que recusou o convite para assumir o Minist\u00e9rio da Sa\u00fade. \u201cViva a vida! Depois de 22 dias internado, &hellip;<\/p>\n","protected":false},"author":1,"featured_media":13995,"comment_status":"closed","ping_status":"closed","sticky":false,"template":"","format":"standard","meta":{"_jetpack_newsletter_access":"","_jetpack_dont_email_post_to_subs":false,"_jetpack_newsletter_tier_id":0,"_jetpack_memberships_contains_paywalled_content":false,"_jetpack_memberships_contains_paid_content":false,"footnotes":""},"categories":[1],"tags":[],"class_list":["post-13994","post","type-post","status-publish","format-standard","has-post-thumbnail","hentry","category-destaque"],"jetpack_sharing_enabled":true,"jetpack_featured_media_url":"","_links":{"self":[{"href":"https:\/\/www.oparanews.com.br\/index.php\/wp-json\/wp\/v2\/posts\/13994","targetHints":{"allow":["GET"]}}],"collection":[{"href":"https:\/\/www.oparanews.com.br\/index.php\/wp-json\/wp\/v2\/posts"}],"about":[{"href":"https:\/\/www.oparanews.com.br\/index.php\/wp-json\/wp\/v2\/types\/post"}],"author":[{"embeddable":true,"href":"https:\/\/www.oparanews.com.br\/index.php\/wp-json\/wp\/v2\/users\/1"}],"replies":[{"embeddable":true,"href":"https:\/\/www.oparanews.com.br\/index.php\/wp-json\/wp\/v2\/comments?post=13994"}],"version-history":[{"count":0,"href":"https:\/\/www.oparanews.com.br\/index.php\/wp-json\/wp\/v2\/posts\/13994\/revisions"}],"wp:attachment":[{"href":"https:\/\/www.oparanews.com.br\/index.php\/wp-json\/wp\/v2\/media?parent=13994"}],"wp:term":[{"taxonomy":"category","embeddable":true,"href":"https:\/\/www.oparanews.com.br\/index.php\/wp-json\/wp\/v2\/categories?post=13994"},{"taxonomy":"post_tag","embeddable":true,"href":"https:\/\/www.oparanews.com.br\/index.php\/wp-json\/wp\/v2\/tags?post=13994"}],"curies":[{"name":"wp","href":"https:\/\/api.w.org\/{rel}","templated":true}]}}