{"id":14000,"date":"2021-03-22T11:26:21","date_gmt":"2021-03-22T11:26:21","guid":{"rendered":"https:\/\/oparanews.com.br\/?p=14000"},"modified":"2021-03-22T11:26:21","modified_gmt":"2021-03-22T11:26:21","slug":"paulo-gustavo-e-intubado-para-tratar-covid-19","status":"publish","type":"post","link":"https:\/\/www.oparanews.com.br\/index.php\/2021\/03\/22\/paulo-gustavo-e-intubado-para-tratar-covid-19\/","title":{"rendered":"Paulo Gustavo \u00e9 intubado para tratar Covid-19"},"content":{"rendered":"<p>Paulo Gustavo, de 42 anos, precisou ser intubado devido \u00e0s complica\u00e7\u00f5es da Covid-19, segundo a assessoria de imprensa do ator informou \u00e0 Quem, na noite deste domingo (21). O comediante est\u00e1 internado, com coronav\u00edrus, desde o dia 13 de mar\u00e7o e \u00e9 do grupo de risco por ter asma.<\/p>\n<p>&#8220;A assessoria do ator Paulo Gustavo confirma, por meio deste comunicado, que o ator, em plena consci\u00eancia de seu estado, necessitou entrar em ventila\u00e7\u00e3o mec\u00e2nica invasiva para ser tratado de forma mais segura. Todas as medidas de seguran\u00e7a est\u00e3o sendo tomadas e a equipe profissional que o atende permanece confiante na sua plena recupera\u00e7\u00e3o. A fam\u00edlia do ator agradece aos f\u00e3s pelo carinho e pede que continuem a enviar boas energias e ora\u00e7\u00f5es para sua recupera\u00e7\u00e3o, assim como de todos os brasileiros que se encontram na mesma situa\u00e7\u00e3o&#8221;, diz o comunicado oficial sobre a sa\u00fade do artista.<\/p>\n<p>Juliana Amaral, irm\u00e3 do ator, fez uma homenagem para ele no Instagram e gerou uma onda de como\u00e7\u00e3o virtual. A produtora compartilhou neste s\u00e1bado (20) um v\u00eddeo dos dois se divertindo juntos e escreveu uma declara\u00e7\u00e3o de amor.<\/p>\n<p>&#8220;Estou aqui te esperando para ouvir essa sua risada que embala a minha vida desde que \u00e9ramos crian\u00e7as e divid\u00edamos o mesmo quarto. Dou minha vida por voc\u00ea. Voc\u00ea \u00e9 parte de mim. O que voc\u00ea sente, eu sinto. Do que voc\u00ea acha gra\u00e7a, eu acho tamb\u00e9m. O que voc\u00ea gosta de comer, eu tamb\u00e9m gosto. Voc\u00ea transforma a minha vida diariamente com seu olhar, sua intelig\u00eancia, sua alegria e seu amor. Como \u00e9 bom compartilhar a vida com voc\u00ea e ser sua irm\u00e3. Lembra que n\u00f3s combinamos de ficarmos velhinhos juntos, em volta das suas perucas, suas maquiagens e seus figurinos pra voc\u00ea nunca deixar de criar e mostrar pro mundo sua genialidade&#8221;, declarou Juliana.<\/p>\n<p>Ela continuou a mensagem, pedindo ainda para as pessoas continurarem orando pela sa\u00fade de Paulo. &#8220;For\u00e7a, irm\u00e3o! Estou morrendo de saudade! Meu amor por voc\u00ea vai al\u00e9m desse plano. Nossas almas j\u00e1 passeavam juntas por a\u00ed antes da gente nascer e dividir nosso primeiro quarto. Estou aqui pra voc\u00ea sempre! Te amo muito. Que Deus te cure e a todos os enfermos. Pe\u00e7o a todos que continuem na corrente de ora\u00e7\u00e3o nos hor\u00e1rios 12h , 15h e 18h&#8221;, escreveu ela.<\/p>\n<p>&nbsp;<\/p>\n<p><strong>Fonte: Quem<\/strong><\/p>\n<p>&nbsp;<\/p>\n","protected":false},"excerpt":{"rendered":"<p>Paulo Gustavo, de 42 anos, precisou ser intubado devido \u00e0s complica\u00e7\u00f5es da Covid-19, segundo a assessoria de imprensa do ator informou \u00e0 Quem, na noite deste domingo (21). O comediante est\u00e1 internado, com coronav\u00edrus, desde o dia 13 de mar\u00e7o e \u00e9 do grupo de risco por ter asma. &#8220;A assessoria do ator Paulo Gustavo &hellip;<\/p>\n","protected":false},"author":1,"featured_media":14001,"comment_status":"closed","ping_status":"closed","sticky":false,"template":"","format":"standard","meta":{"_jetpack_newsletter_access":"","_jetpack_dont_email_post_to_subs":false,"_jetpack_newsletter_tier_id":0,"_jetpack_memberships_contains_paywalled_content":false,"_jetpack_memberships_contains_paid_content":false,"footnotes":""},"categories":[1],"tags":[],"class_list":["post-14000","post","type-post","status-publish","format-standard","has-post-thumbnail","hentry","category-destaque"],"jetpack_sharing_enabled":true,"jetpack_featured_media_url":"","_links":{"self":[{"href":"https:\/\/www.oparanews.com.br\/index.php\/wp-json\/wp\/v2\/posts\/14000","targetHints":{"allow":["GET"]}}],"collection":[{"href":"https:\/\/www.oparanews.com.br\/index.php\/wp-json\/wp\/v2\/posts"}],"about":[{"href":"https:\/\/www.oparanews.com.br\/index.php\/wp-json\/wp\/v2\/types\/post"}],"author":[{"embeddable":true,"href":"https:\/\/www.oparanews.com.br\/index.php\/wp-json\/wp\/v2\/users\/1"}],"replies":[{"embeddable":true,"href":"https:\/\/www.oparanews.com.br\/index.php\/wp-json\/wp\/v2\/comments?post=14000"}],"version-history":[{"count":0,"href":"https:\/\/www.oparanews.com.br\/index.php\/wp-json\/wp\/v2\/posts\/14000\/revisions"}],"wp:attachment":[{"href":"https:\/\/www.oparanews.com.br\/index.php\/wp-json\/wp\/v2\/media?parent=14000"}],"wp:term":[{"taxonomy":"category","embeddable":true,"href":"https:\/\/www.oparanews.com.br\/index.php\/wp-json\/wp\/v2\/categories?post=14000"},{"taxonomy":"post_tag","embeddable":true,"href":"https:\/\/www.oparanews.com.br\/index.php\/wp-json\/wp\/v2\/tags?post=14000"}],"curies":[{"name":"wp","href":"https:\/\/api.w.org\/{rel}","templated":true}]}}