{"id":14006,"date":"2021-03-22T13:20:30","date_gmt":"2021-03-22T13:20:30","guid":{"rendered":"https:\/\/oparanews.com.br\/?p=14006"},"modified":"2021-03-22T13:20:30","modified_gmt":"2021-03-22T13:20:30","slug":"incendio-destroi-loja-de-tecidos-no-centro-de-sao-sebastiao","status":"publish","type":"post","link":"https:\/\/www.oparanews.com.br\/index.php\/2021\/03\/22\/incendio-destroi-loja-de-tecidos-no-centro-de-sao-sebastiao\/","title":{"rendered":"Inc\u00eandio destr\u00f3i loja de tecidos no centro de S\u00e3o Sebasti\u00e3o"},"content":{"rendered":"<p>Uma loja de confec\u00e7\u00f5es pegou fogo nesse domingo (21), no centro do munic\u00edpio de S\u00e3o Sebasti\u00e3o, interior de Alagoas.<\/p>\n<p>N\u00e3o houve feridos no sinistro, mas algumas pessoas que estavam pr\u00f3ximas ao local passaram mal devido \u00e0 grande quantidade de fuma\u00e7a no pr\u00e9dio.<\/p>\n<p>No local, a destrui\u00e7\u00e3o foi total. O fogo consumiu m\u00f3veis, m\u00e1quinas de costura, tecidos, eletr\u00f4nicos e outros equipamentos. Apesar do incidente, n\u00e3o se sabe a causa.<\/p>\n<p>O Corpo de Bombeiros Militar (CBM), acionado ao pr\u00e9dio em chamas com quatro viaturas e 11 militares, informou que os guardas municipais da cidade usaram extintores de inc\u00eandio para tentar evitar a propaga\u00e7\u00e3o das chamas. As guarni\u00e7\u00f5es do CBM fizeram o combate e debelaram o fogo.<\/p>\n<p>Pessoas que estavam nas proximidades passaram mal e foram atendidas pela guarni\u00e7\u00e3o e, depois, socorridas pelas ambul\u00e2ncias da cidade.<\/p>\n<p>A loja fica situada na Rua Pedro Vieira de Barros, pr\u00f3ximo \u00e0 pra\u00e7a da Prefeitura, no Centro.<\/p>\n<p>&nbsp;<\/p>\n<p><strong>Fonte: Gazetaweb<\/strong><\/p>\n<p>&nbsp;<\/p>\n","protected":false},"excerpt":{"rendered":"<p>Uma loja de confec\u00e7\u00f5es pegou fogo nesse domingo (21), no centro do munic\u00edpio de S\u00e3o Sebasti\u00e3o, interior de Alagoas. N\u00e3o houve feridos no sinistro, mas algumas pessoas que estavam pr\u00f3ximas ao local passaram mal devido \u00e0 grande quantidade de fuma\u00e7a no pr\u00e9dio. No local, a destrui\u00e7\u00e3o foi total. O fogo consumiu m\u00f3veis, m\u00e1quinas de costura, &hellip;<\/p>\n","protected":false},"author":1,"featured_media":14007,"comment_status":"closed","ping_status":"closed","sticky":false,"template":"","format":"standard","meta":{"_jetpack_newsletter_access":"","_jetpack_dont_email_post_to_subs":false,"_jetpack_newsletter_tier_id":0,"_jetpack_memberships_contains_paywalled_content":false,"_jetpack_memberships_contains_paid_content":false,"footnotes":""},"categories":[1],"tags":[],"class_list":["post-14006","post","type-post","status-publish","format-standard","has-post-thumbnail","hentry","category-destaque"],"jetpack_sharing_enabled":true,"jetpack_featured_media_url":"","_links":{"self":[{"href":"https:\/\/www.oparanews.com.br\/index.php\/wp-json\/wp\/v2\/posts\/14006","targetHints":{"allow":["GET"]}}],"collection":[{"href":"https:\/\/www.oparanews.com.br\/index.php\/wp-json\/wp\/v2\/posts"}],"about":[{"href":"https:\/\/www.oparanews.com.br\/index.php\/wp-json\/wp\/v2\/types\/post"}],"author":[{"embeddable":true,"href":"https:\/\/www.oparanews.com.br\/index.php\/wp-json\/wp\/v2\/users\/1"}],"replies":[{"embeddable":true,"href":"https:\/\/www.oparanews.com.br\/index.php\/wp-json\/wp\/v2\/comments?post=14006"}],"version-history":[{"count":0,"href":"https:\/\/www.oparanews.com.br\/index.php\/wp-json\/wp\/v2\/posts\/14006\/revisions"}],"wp:attachment":[{"href":"https:\/\/www.oparanews.com.br\/index.php\/wp-json\/wp\/v2\/media?parent=14006"}],"wp:term":[{"taxonomy":"category","embeddable":true,"href":"https:\/\/www.oparanews.com.br\/index.php\/wp-json\/wp\/v2\/categories?post=14006"},{"taxonomy":"post_tag","embeddable":true,"href":"https:\/\/www.oparanews.com.br\/index.php\/wp-json\/wp\/v2\/tags?post=14006"}],"curies":[{"name":"wp","href":"https:\/\/api.w.org\/{rel}","templated":true}]}}