{"id":14012,"date":"2021-03-22T17:34:15","date_gmt":"2021-03-22T17:34:15","guid":{"rendered":"https:\/\/oparanews.com.br\/?p=14012"},"modified":"2021-03-22T17:34:15","modified_gmt":"2021-03-22T17:34:15","slug":"bandidos-armados-invadem-posto-de-saude-e-roubam-vacinas-contra-a-covid-19","status":"publish","type":"post","link":"https:\/\/www.oparanews.com.br\/index.php\/2021\/03\/22\/bandidos-armados-invadem-posto-de-saude-e-roubam-vacinas-contra-a-covid-19\/","title":{"rendered":"Bandidos armados invadem posto de sa\u00fade e roubam vacinas contra a Covid-19"},"content":{"rendered":"<p>Criminosos armados invadiram um posto de sa\u00fade e roubaram doses de vacinas contra Covid-19 no final da manh\u00e3 desta segunda-feira (22) na Vila de Ponta Negra, na Zona Sul de Natal. O caso foi confirmado pela dire\u00e7\u00e3o da unidade e pela Guarda Municipal da capital. Duas ampolas, com um total de 20 doses, foram levadas.<\/p>\n<p>Dois homens suspeitos do crime foram detidos pela Pol\u00edcia Militar no in\u00edcio da tarde em Ponta Negra, mas n\u00e3o estavam com as vacinas. A pol\u00edcia ainda procura por pelo menos mais um suspeito.<\/p>\n<p>Testemunhas disseram que criminosos j\u00e1 teriam tentado roubar doses no in\u00edcio da manh\u00e3, por volta das 7h, por\u00e9m havia muitas pessoas no local, que gritaram, o que os afugentou. A pol\u00edcia foi ao local e ficou parte da manh\u00e3, mas quando os policiais sa\u00edram, os assaltantes voltaram e roubaram as vacinas.<\/p>\n<p>No final da manh\u00e3, os criminosos invadiram a unidade armados, pegaram uma caixa t\u00e9rmica e foram at\u00e9 a sala de vacina\u00e7\u00e3o, onde pegaram duas ampolas dispon\u00edveis.<\/p>\n<p>\u201cQueriam s\u00f3 vacina da Covid-19. Um deles estava com uma metralhadora. As enfermeiras est\u00e3o passando mal\u201d, contou um morador do bairro, que n\u00e3o quis ser identificado.<\/p>\n<p>Um agente de sa\u00fade foi agredido, por tentar resistir \u00e0 a\u00e7\u00e3o. Os criminosos ainda tomaram o aparelho de celular do homem, segundo a dire\u00e7\u00e3o da unidade. A porta de uma sala tamb\u00e9m foi quebrada na a\u00e7\u00e3o.<\/p>\n<p>\u201cEstavam armados e encapuzados. Levaram duas ampolas, cada uma ampola da CoronaVac tem 10 doses\u201d, afirmou a diretora da unidade, Elvira Maranh\u00e3o.<\/p>\n<p>\u201cEu j\u00e1 tinha avisado de manh\u00e3, \u00e0 secretaria, que eles tinham vindo aqui cedo. Tentaram. Quando viram que a enfermeira n\u00e3o estava trazendo vacina, estava trazendo \u00e1gua sanit\u00e1ria, foram embora. Eu disse: \u2018eles v\u00e3o voltar\u2019. Pedi para a pol\u00edcia vir, ficar. Estavam os dois armados e encapuzados\u201d, acrescentou a diretora.<\/p>\n<p>\u201cIsso \u00e9 um alerta: eles v\u00e3o procurar outras unidades. Eu acho que tem que ter uma seguran\u00e7a maior, ou deixar as vacinas s\u00f3 nos centros de drive-thru, porque n\u00f3s n\u00e3o temos seguran\u00e7a nas unidades para ficar com essas vacinas\u201d, disse.<\/p>\n<p>&nbsp;<\/p>\n<p><strong>Fonte: G1<\/strong><\/p>\n<p>&nbsp;<\/p>\n","protected":false},"excerpt":{"rendered":"<p>Criminosos armados invadiram um posto de sa\u00fade e roubaram doses de vacinas contra Covid-19 no final da manh\u00e3 desta segunda-feira (22) na Vila de Ponta Negra, na Zona Sul de Natal. O caso foi confirmado pela dire\u00e7\u00e3o da unidade e pela Guarda Municipal da capital. Duas ampolas, com um total de 20 doses, foram levadas. &hellip;<\/p>\n","protected":false},"author":1,"featured_media":14013,"comment_status":"closed","ping_status":"closed","sticky":false,"template":"","format":"standard","meta":{"_jetpack_newsletter_access":"","_jetpack_dont_email_post_to_subs":false,"_jetpack_newsletter_tier_id":0,"_jetpack_memberships_contains_paywalled_content":false,"_jetpack_memberships_contains_paid_content":false,"footnotes":""},"categories":[1],"tags":[],"class_list":["post-14012","post","type-post","status-publish","format-standard","has-post-thumbnail","hentry","category-destaque"],"jetpack_sharing_enabled":true,"jetpack_featured_media_url":"","_links":{"self":[{"href":"https:\/\/www.oparanews.com.br\/index.php\/wp-json\/wp\/v2\/posts\/14012","targetHints":{"allow":["GET"]}}],"collection":[{"href":"https:\/\/www.oparanews.com.br\/index.php\/wp-json\/wp\/v2\/posts"}],"about":[{"href":"https:\/\/www.oparanews.com.br\/index.php\/wp-json\/wp\/v2\/types\/post"}],"author":[{"embeddable":true,"href":"https:\/\/www.oparanews.com.br\/index.php\/wp-json\/wp\/v2\/users\/1"}],"replies":[{"embeddable":true,"href":"https:\/\/www.oparanews.com.br\/index.php\/wp-json\/wp\/v2\/comments?post=14012"}],"version-history":[{"count":0,"href":"https:\/\/www.oparanews.com.br\/index.php\/wp-json\/wp\/v2\/posts\/14012\/revisions"}],"wp:attachment":[{"href":"https:\/\/www.oparanews.com.br\/index.php\/wp-json\/wp\/v2\/media?parent=14012"}],"wp:term":[{"taxonomy":"category","embeddable":true,"href":"https:\/\/www.oparanews.com.br\/index.php\/wp-json\/wp\/v2\/categories?post=14012"},{"taxonomy":"post_tag","embeddable":true,"href":"https:\/\/www.oparanews.com.br\/index.php\/wp-json\/wp\/v2\/tags?post=14012"}],"curies":[{"name":"wp","href":"https:\/\/api.w.org\/{rel}","templated":true}]}}