{"id":14015,"date":"2021-03-22T17:39:00","date_gmt":"2021-03-22T17:39:00","guid":{"rendered":"https:\/\/oparanews.com.br\/?p=14015"},"modified":"2021-03-22T17:39:00","modified_gmt":"2021-03-22T17:39:00","slug":"sesau-contrata-35-profissionais-de-saude-para-atuarem-no-sistema-prisional","status":"publish","type":"post","link":"https:\/\/www.oparanews.com.br\/index.php\/2021\/03\/22\/sesau-contrata-35-profissionais-de-saude-para-atuarem-no-sistema-prisional\/","title":{"rendered":"Sesau contrata 35 profissionais de sa\u00fade para atuarem no Sistema Prisional"},"content":{"rendered":"<p>Para assegurar a aten\u00e7\u00e3o integral \u00e0 sa\u00fade dos reeducandos do Sistema Prisional de Alagoas, a Secretaria de Estado da Sa\u00fade (Sesau) contratou 35 profissionais, por meio de Processo Seletivo Simplificado (PSS). Do total, 20 t\u00e9cnicos j\u00e1 est\u00e3o atuando na Aten\u00e7\u00e3o B\u00e1sica Prisional dede o in\u00edcio deste m\u00eas e, nos pr\u00f3ximos dias, mais 15 ir\u00e3o compor a equipe, ap\u00f3s publica\u00e7\u00e3o da rela\u00e7\u00e3o no Di\u00e1rio Oficial do Estado (DOE).<\/p>\n<p>Com esta a\u00e7\u00e3o, que ocorreu por meio do Termo de Coopera\u00e7\u00e3o firmado entre a Sesau e a Secretaria Estado da Ressocializa\u00e7\u00e3o e Inclus\u00e3o Social (Seris), o Governo do Estado vai controlar e reduzir os problemas de sa\u00fade entre a popula\u00e7\u00e3o privada de liberdade. A contrata\u00e7\u00e3o dos profissionais de sa\u00fade \u00e9 resultado de um estudo realizado junto a popula\u00e7\u00e3o carcer\u00e1ria de Alagoas, atrav\u00e9s da Supervis\u00e3o de Pol\u00edticas Transversais da Ger\u00eancia de Aten\u00e7\u00e3o Prim\u00e1ria da Sesau.<\/p>\n<p>\u201cVerificamos que muitos problemas de sa\u00fade da popula\u00e7\u00e3o privada de liberdade ocorrem em raz\u00e3o de n\u00e3o haver a\u00e7\u00f5es preventivas, que s\u00e3o inerentes \u00e0 Aten\u00e7\u00e3o B\u00e1sica, a exemplo do surgimento de casos de tuberculose. Por esta raz\u00e3o a atua\u00e7\u00e3o de profissionais voltados para a promo\u00e7\u00e3o de pol\u00edticas de sa\u00fade preventiva, visa evitar o adoecimento dos reeducandos e reduzir o impacto das doen\u00e7as imunopreven\u00edveis no Sistema Prisional alagoano\u201d, salientou a gerente de Aten\u00e7\u00e3o Prim\u00e1ria da Sesau, m\u00e9dica Alexandra Ludugero.<\/p>\n<p>Ela ressaltou que a contrata\u00e7\u00e3o dos 35 profissionais ocorreu de forma transparente, por meio de PSS realizado pela Sesau, cujas inscri\u00e7\u00f5es ocorreram de 13 a 17 de janeiro deste ano. Conforme o edital lan\u00e7ado pela Ger\u00eancia Executiva de Valoriza\u00e7\u00e3o de Pessoas (Gerevp) da Sesau, as vagas s\u00e3o tempor\u00e1rias e os profissionais ir\u00e3o atuar pelo per\u00edodo de 24 meses.<\/p>\n<p>Al\u00e9m de an\u00e1lise curricular, a sele\u00e7\u00e3o ocorreu mediante apresenta\u00e7\u00e3o dos comprovantes de experi\u00eancia e t\u00edtulos, que tiveram car\u00e1ter classificat\u00f3rio e eliminat\u00f3rio. Os candidatos que se inscreveram tiveram a oportunidade de interporem recursos, comprovando a lisura e transpar\u00eancia do PSS realizado pela Sesau.<\/p>\n<p>Profissionais Contratados \u2013 Al\u00e9m de sete m\u00e9dicos, o PSS contratou um assistente social, quatro enfermeiros, um farmac\u00eautico, um fisioterapeuta e dois nutricionistas. Tamb\u00e9m foram selecionados dois odont\u00f3logos, dois psic\u00f3logos, um terapeuta ocupacional, tr\u00eas t\u00e9cnicos de higiene bucal e 11 t\u00e9cnicos de enfermagem.<\/p>\n<p>A contrata\u00e7\u00e3o tomou como base a Lei n\u00b0. 7.966 de 09 de janeiro de 2018 e a Lei de Execu\u00e7\u00e3o Penal n\u00ba 7.210, de 11 de julho de 1984. Para realizar o PSS, a Sesau considerou a Portaria Interministerial MS\/MJ N\u00ba 01, de janeiro de 2014, que instituiu a Pol\u00edtica Nacional de Aten\u00e7\u00e3o Integral \u00e0 Sa\u00fade das Pessoas Privadas de Liberdade no Sistema Prisional (PNAISP), no \u00e2mbito do Sistema \u00danico de Sa\u00fade (SUS).<\/p>\n<p>&nbsp;<\/p>\n<p><strong>Fonte: Ascom Sesau<\/strong><\/p>\n<p>&nbsp;<\/p>\n","protected":false},"excerpt":{"rendered":"<p>Para assegurar a aten\u00e7\u00e3o integral \u00e0 sa\u00fade dos reeducandos do Sistema Prisional de Alagoas, a Secretaria de Estado da Sa\u00fade (Sesau) contratou 35 profissionais, por meio de Processo Seletivo Simplificado (PSS). Do total, 20 t\u00e9cnicos j\u00e1 est\u00e3o atuando na Aten\u00e7\u00e3o B\u00e1sica Prisional dede o in\u00edcio deste m\u00eas e, nos pr\u00f3ximos dias, mais 15 ir\u00e3o compor &hellip;<\/p>\n","protected":false},"author":1,"featured_media":14016,"comment_status":"closed","ping_status":"closed","sticky":false,"template":"","format":"standard","meta":{"_jetpack_newsletter_access":"","_jetpack_dont_email_post_to_subs":false,"_jetpack_newsletter_tier_id":0,"_jetpack_memberships_contains_paywalled_content":false,"_jetpack_memberships_contains_paid_content":false,"footnotes":""},"categories":[1],"tags":[],"class_list":["post-14015","post","type-post","status-publish","format-standard","has-post-thumbnail","hentry","category-destaque"],"jetpack_sharing_enabled":true,"jetpack_featured_media_url":"","_links":{"self":[{"href":"https:\/\/www.oparanews.com.br\/index.php\/wp-json\/wp\/v2\/posts\/14015","targetHints":{"allow":["GET"]}}],"collection":[{"href":"https:\/\/www.oparanews.com.br\/index.php\/wp-json\/wp\/v2\/posts"}],"about":[{"href":"https:\/\/www.oparanews.com.br\/index.php\/wp-json\/wp\/v2\/types\/post"}],"author":[{"embeddable":true,"href":"https:\/\/www.oparanews.com.br\/index.php\/wp-json\/wp\/v2\/users\/1"}],"replies":[{"embeddable":true,"href":"https:\/\/www.oparanews.com.br\/index.php\/wp-json\/wp\/v2\/comments?post=14015"}],"version-history":[{"count":0,"href":"https:\/\/www.oparanews.com.br\/index.php\/wp-json\/wp\/v2\/posts\/14015\/revisions"}],"wp:attachment":[{"href":"https:\/\/www.oparanews.com.br\/index.php\/wp-json\/wp\/v2\/media?parent=14015"}],"wp:term":[{"taxonomy":"category","embeddable":true,"href":"https:\/\/www.oparanews.com.br\/index.php\/wp-json\/wp\/v2\/categories?post=14015"},{"taxonomy":"post_tag","embeddable":true,"href":"https:\/\/www.oparanews.com.br\/index.php\/wp-json\/wp\/v2\/tags?post=14015"}],"curies":[{"name":"wp","href":"https:\/\/api.w.org\/{rel}","templated":true}]}}