{"id":14018,"date":"2021-03-22T23:53:36","date_gmt":"2021-03-22T23:53:36","guid":{"rendered":"https:\/\/oparanews.com.br\/?p=14018"},"modified":"2021-03-22T23:53:36","modified_gmt":"2021-03-22T23:53:36","slug":"bebe-que-estava-internado-na-santa-monica-se-recupera-da-covid-19-e-recebe-alta","status":"publish","type":"post","link":"https:\/\/www.oparanews.com.br\/index.php\/2021\/03\/22\/bebe-que-estava-internado-na-santa-monica-se-recupera-da-covid-19-e-recebe-alta\/","title":{"rendered":"Beb\u00ea que estava internado na Santa M\u00f4nica se recupera da Covid-19 e recebe alta"},"content":{"rendered":"<p>A Maternidade Santa M\u00f4nica informou nesta segunda-feira (22) que, dos 14 beb\u00eas que estavam internados com Covid-19 na Unidade de Terapia Intensiva Neonatal (UTIN), um se recuperou e recebeu alta, quatro foram transferidos para a Unidade de Cuidados Intermedi\u00e1rios Neonatal Convencional (UCINCo) para continuar tratamento, e nove continuam na UTI.<\/p>\n<p>O isolamento dos beb\u00eas termina nesta ter\u00e7a (23), e eles continuam com os cuidados referentes ao quadro cl\u00ednico de prematuridade.<\/p>\n<p>O caso de infec\u00e7\u00e3o dos 15 beb\u00eas foi confirmado pela maternidade no dia 9 de mar\u00e7o, quando a ala foi isolada para pacientes com confirma\u00e7\u00e3o e suspeita de Covid-19. Outras medidas tamb\u00e9m foram anunciadas pela unidade de sa\u00fade para evitar novos casos, entre elas a suspens\u00e3o de visitas na Unidade Neonatal.<\/p>\n<p>Um dos beb\u00eas foi transferido para o Hospital Geral do Estado (HGE) no dia 12 de mar\u00e7o. O boletim m\u00e9dico, atualizado nesse domingo, diz que o rec\u00e9m-nascido continua internado em enfermaria pedi\u00e1trica. Apesar de ter superado o quadro da Covid-19, a crian\u00e7a permanece aos cuidados de equipe multidisciplinar devido a doen\u00e7a neurol\u00f3gica.<\/p>\n<p>O Minist\u00e9rio P\u00fablico do Estado de Alagoas (MP-AL) abriu uma investiga\u00e7\u00e3o para acompanhar a situa\u00e7\u00e3o na maternidade. Antes que fosse solicitada pelo MP-AL, a maternidade encaminhou todas as provid\u00eancias que j\u00e1 foram adotadas no local.<\/p>\n<p>&nbsp;<\/p>\n<p><strong>Fonte: G1\/AL<\/strong><\/p>\n<p>&nbsp;<\/p>\n","protected":false},"excerpt":{"rendered":"<p>A Maternidade Santa M\u00f4nica informou nesta segunda-feira (22) que, dos 14 beb\u00eas que estavam internados com Covid-19 na Unidade de Terapia Intensiva Neonatal (UTIN), um se recuperou e recebeu alta, quatro foram transferidos para a Unidade de Cuidados Intermedi\u00e1rios Neonatal Convencional (UCINCo) para continuar tratamento, e nove continuam na UTI. O isolamento dos beb\u00eas termina &hellip;<\/p>\n","protected":false},"author":1,"featured_media":14019,"comment_status":"closed","ping_status":"closed","sticky":false,"template":"","format":"standard","meta":{"_jetpack_newsletter_access":"","_jetpack_dont_email_post_to_subs":false,"_jetpack_newsletter_tier_id":0,"_jetpack_memberships_contains_paywalled_content":false,"_jetpack_memberships_contains_paid_content":false,"footnotes":""},"categories":[1],"tags":[],"class_list":["post-14018","post","type-post","status-publish","format-standard","has-post-thumbnail","hentry","category-destaque"],"jetpack_sharing_enabled":true,"jetpack_featured_media_url":"","_links":{"self":[{"href":"https:\/\/www.oparanews.com.br\/index.php\/wp-json\/wp\/v2\/posts\/14018","targetHints":{"allow":["GET"]}}],"collection":[{"href":"https:\/\/www.oparanews.com.br\/index.php\/wp-json\/wp\/v2\/posts"}],"about":[{"href":"https:\/\/www.oparanews.com.br\/index.php\/wp-json\/wp\/v2\/types\/post"}],"author":[{"embeddable":true,"href":"https:\/\/www.oparanews.com.br\/index.php\/wp-json\/wp\/v2\/users\/1"}],"replies":[{"embeddable":true,"href":"https:\/\/www.oparanews.com.br\/index.php\/wp-json\/wp\/v2\/comments?post=14018"}],"version-history":[{"count":0,"href":"https:\/\/www.oparanews.com.br\/index.php\/wp-json\/wp\/v2\/posts\/14018\/revisions"}],"wp:attachment":[{"href":"https:\/\/www.oparanews.com.br\/index.php\/wp-json\/wp\/v2\/media?parent=14018"}],"wp:term":[{"taxonomy":"category","embeddable":true,"href":"https:\/\/www.oparanews.com.br\/index.php\/wp-json\/wp\/v2\/categories?post=14018"},{"taxonomy":"post_tag","embeddable":true,"href":"https:\/\/www.oparanews.com.br\/index.php\/wp-json\/wp\/v2\/tags?post=14018"}],"curies":[{"name":"wp","href":"https:\/\/api.w.org\/{rel}","templated":true}]}}