{"id":14027,"date":"2021-03-23T11:11:17","date_gmt":"2021-03-23T11:11:17","guid":{"rendered":"https:\/\/oparanews.com.br\/?p=14027"},"modified":"2021-03-23T11:11:17","modified_gmt":"2021-03-23T11:11:17","slug":"idosos-com-menos-de-70-anos-comecam-a-ser-vacinados-em-penedo-contra-covid","status":"publish","type":"post","link":"https:\/\/www.oparanews.com.br\/index.php\/2021\/03\/23\/idosos-com-menos-de-70-anos-comecam-a-ser-vacinados-em-penedo-contra-covid\/","title":{"rendered":"Idosos com menos de 70 anos come\u00e7am a ser vacinados em Penedo contra Covid"},"content":{"rendered":"<p>Quem reside em Penedo e tem menos de 70 anos j\u00e1 pode se dirigir at\u00e9 a Central de Vacina\u00e7\u00e3o para receber a primeira dose da vacina contra Covid-19.<\/p>\n<p>A amplia\u00e7\u00e3o da faixa et\u00e1ria para receber a imuniza\u00e7\u00e3o come\u00e7a nesta ter\u00e7a-feira, 23 de mar\u00e7o, para idoso com 68 anos ou mais.<\/p>\n<p>A partir de quarta-feira, 24, o acesso ser\u00e1 estendido para idosos com 66 e 67 anos de idade, conforme anunciou o Prefeito Ronaldo Lopes em suas redes sociais.<\/p>\n<p>Para ter direito ao servi\u00e7o que se destaca entre os 102 munic\u00edpios alagoanos, o cidad\u00e3o ou a cidad\u00e3 penedense deve se dirigir at\u00e9 a Central de Vacina\u00e7\u00e3o que funciona na Escola Estadual Ernani M\u00e9ro, munido de documento oficial com foto e cart\u00e3o SUS.<\/p>\n<p>O atendimento ao p\u00fablico promovido pela Secretaria de Sa\u00fade de Penedo come\u00e7a \u00e0s 7 horas e encerra \u00e0s 17 horas.<\/p>\n<p>Idosos acamados ou sem condi\u00e7\u00f5es de se locomover est\u00e3o sendo vacinados em casa, assist\u00eancia promovida por meio de busca ativa realizada por esfor\u00e7o conjunto de diferentes setores da Prefeitura de Penedo.<\/p>\n<p>Al\u00e9m disso, quem se enquadra nesses dois grupos priorit\u00e1rios determinados pelo Minist\u00e9rio da Sa\u00fade e ainda n\u00e3o foi imunizado contra o coronav\u00edrus, pode entrar em contato pelo (82) 99399-8360, n\u00famero exclusivo para Penedo e apenas por meio do aplicativo Whatsapp.<\/p>\n<p>&nbsp;<\/p>\n<p><strong>Fonte: Decom &#8211; PMP<\/strong><\/p>\n<p>&nbsp;<\/p>\n","protected":false},"excerpt":{"rendered":"<p>Quem reside em Penedo e tem menos de 70 anos j\u00e1 pode se dirigir at\u00e9 a Central de Vacina\u00e7\u00e3o para receber a primeira dose da vacina contra Covid-19. A amplia\u00e7\u00e3o da faixa et\u00e1ria para receber a imuniza\u00e7\u00e3o come\u00e7a nesta ter\u00e7a-feira, 23 de mar\u00e7o, para idoso com 68 anos ou mais. A partir de quarta-feira, 24, &hellip;<\/p>\n","protected":false},"author":1,"featured_media":14028,"comment_status":"closed","ping_status":"closed","sticky":false,"template":"","format":"standard","meta":{"_jetpack_newsletter_access":"","_jetpack_dont_email_post_to_subs":false,"_jetpack_newsletter_tier_id":0,"_jetpack_memberships_contains_paywalled_content":false,"_jetpack_memberships_contains_paid_content":false,"footnotes":""},"categories":[1],"tags":[],"class_list":["post-14027","post","type-post","status-publish","format-standard","has-post-thumbnail","hentry","category-destaque"],"jetpack_sharing_enabled":true,"jetpack_featured_media_url":"","_links":{"self":[{"href":"https:\/\/www.oparanews.com.br\/index.php\/wp-json\/wp\/v2\/posts\/14027","targetHints":{"allow":["GET"]}}],"collection":[{"href":"https:\/\/www.oparanews.com.br\/index.php\/wp-json\/wp\/v2\/posts"}],"about":[{"href":"https:\/\/www.oparanews.com.br\/index.php\/wp-json\/wp\/v2\/types\/post"}],"author":[{"embeddable":true,"href":"https:\/\/www.oparanews.com.br\/index.php\/wp-json\/wp\/v2\/users\/1"}],"replies":[{"embeddable":true,"href":"https:\/\/www.oparanews.com.br\/index.php\/wp-json\/wp\/v2\/comments?post=14027"}],"version-history":[{"count":0,"href":"https:\/\/www.oparanews.com.br\/index.php\/wp-json\/wp\/v2\/posts\/14027\/revisions"}],"wp:attachment":[{"href":"https:\/\/www.oparanews.com.br\/index.php\/wp-json\/wp\/v2\/media?parent=14027"}],"wp:term":[{"taxonomy":"category","embeddable":true,"href":"https:\/\/www.oparanews.com.br\/index.php\/wp-json\/wp\/v2\/categories?post=14027"},{"taxonomy":"post_tag","embeddable":true,"href":"https:\/\/www.oparanews.com.br\/index.php\/wp-json\/wp\/v2\/tags?post=14027"}],"curies":[{"name":"wp","href":"https:\/\/api.w.org\/{rel}","templated":true}]}}