{"id":14030,"date":"2021-03-23T11:13:05","date_gmt":"2021-03-23T11:13:05","guid":{"rendered":"https:\/\/oparanews.com.br\/?p=14030"},"modified":"2021-03-23T11:13:05","modified_gmt":"2021-03-23T11:13:05","slug":"penedo-tem-novo-recorde-de-casos-positivos-para-covid-19","status":"publish","type":"post","link":"https:\/\/www.oparanews.com.br\/index.php\/2021\/03\/23\/penedo-tem-novo-recorde-de-casos-positivos-para-covid-19\/","title":{"rendered":"Penedo tem novo recorde de casos positivos para Covid-19"},"content":{"rendered":"<p>O aumento do cont\u00e1gio por Covid-19 em Penedo superou a preocupante marca de 34 pessoas diagnosticadas com a doen\u00e7a em apenas 24 horas, dado do boletim epidemiol\u00f3gico de quinta-feira passada, 18 de mar\u00e7o.<\/p>\n<p>Quatro dias ap\u00f3s o registro, Penedo contabiliza 53 novos pacientes positivos para Covid-19, n\u00famero divulgado nesta segunda-feira, 22, pela Secretaria Municipal de Sa\u00fade (SEMS).<\/p>\n<p>Dos 53 diagn\u00f3sticos confirmados, 21 foram registrados na Unidade de Refer\u00eancia em S\u00edndromes Gripais, onde 125 pessoa foram atendidas somente hoje.<\/p>\n<p>Os demais casos positivos de Covid-19 entre moradores de Penedo foram notificados na UPA (seis pessoas) e mais 26 confirmados por meio do teste RT-PCR realizado no Lacen, em Macei\u00f3.<\/p>\n<p>A Secretaria de Sa\u00fade de Penedo alerta para a gravidade do momento atual da pandemia respons\u00e1vel por 3.358 \u00f3bitos em Alagoas at\u00e9 este primeiro dia \u00fatil da semana.<\/p>\n<p>A popula\u00e7\u00e3o precisa se cuidar, seja utilizando m\u00e1scara, evitando aglomera\u00e7\u00e3o e fazendo a higieniza\u00e7\u00e3o correta das m\u00e3os, evitando tocar olhos e boca.<\/p>\n<p>O combate ao coronav\u00edrus s\u00f3 alcan\u00e7ar\u00e1 \u00eaxito se todo mundo fizer a sua parte.<\/p>\n<p><strong>Fonte: Decom &#8211; PMP<\/strong><\/p>\n<p>&nbsp;<\/p>\n","protected":false},"excerpt":{"rendered":"<p>O aumento do cont\u00e1gio por Covid-19 em Penedo superou a preocupante marca de 34 pessoas diagnosticadas com a doen\u00e7a em apenas 24 horas, dado do boletim epidemiol\u00f3gico de quinta-feira passada, 18 de mar\u00e7o. Quatro dias ap\u00f3s o registro, Penedo contabiliza 53 novos pacientes positivos para Covid-19, n\u00famero divulgado nesta segunda-feira, 22, pela Secretaria Municipal de &hellip;<\/p>\n","protected":false},"author":1,"featured_media":14031,"comment_status":"closed","ping_status":"closed","sticky":false,"template":"","format":"standard","meta":{"_jetpack_newsletter_access":"","_jetpack_dont_email_post_to_subs":false,"_jetpack_newsletter_tier_id":0,"_jetpack_memberships_contains_paywalled_content":false,"_jetpack_memberships_contains_paid_content":false,"footnotes":""},"categories":[1],"tags":[],"class_list":["post-14030","post","type-post","status-publish","format-standard","has-post-thumbnail","hentry","category-destaque"],"jetpack_sharing_enabled":true,"jetpack_featured_media_url":"","_links":{"self":[{"href":"https:\/\/www.oparanews.com.br\/index.php\/wp-json\/wp\/v2\/posts\/14030","targetHints":{"allow":["GET"]}}],"collection":[{"href":"https:\/\/www.oparanews.com.br\/index.php\/wp-json\/wp\/v2\/posts"}],"about":[{"href":"https:\/\/www.oparanews.com.br\/index.php\/wp-json\/wp\/v2\/types\/post"}],"author":[{"embeddable":true,"href":"https:\/\/www.oparanews.com.br\/index.php\/wp-json\/wp\/v2\/users\/1"}],"replies":[{"embeddable":true,"href":"https:\/\/www.oparanews.com.br\/index.php\/wp-json\/wp\/v2\/comments?post=14030"}],"version-history":[{"count":0,"href":"https:\/\/www.oparanews.com.br\/index.php\/wp-json\/wp\/v2\/posts\/14030\/revisions"}],"wp:attachment":[{"href":"https:\/\/www.oparanews.com.br\/index.php\/wp-json\/wp\/v2\/media?parent=14030"}],"wp:term":[{"taxonomy":"category","embeddable":true,"href":"https:\/\/www.oparanews.com.br\/index.php\/wp-json\/wp\/v2\/categories?post=14030"},{"taxonomy":"post_tag","embeddable":true,"href":"https:\/\/www.oparanews.com.br\/index.php\/wp-json\/wp\/v2\/tags?post=14030"}],"curies":[{"name":"wp","href":"https:\/\/api.w.org\/{rel}","templated":true}]}}