{"id":14033,"date":"2021-03-23T11:21:57","date_gmt":"2021-03-23T11:21:57","guid":{"rendered":"https:\/\/oparanews.com.br\/?p=14033"},"modified":"2021-03-23T11:21:57","modified_gmt":"2021-03-23T11:21:57","slug":"sp-tem-recorde-de-sepultamentos-e-pode-ter-enterros-noturnos","status":"publish","type":"post","link":"https:\/\/www.oparanews.com.br\/index.php\/2021\/03\/23\/sp-tem-recorde-de-sepultamentos-e-pode-ter-enterros-noturnos\/","title":{"rendered":"SP tem recorde de sepultamentos e pode ter enterros noturnos"},"content":{"rendered":"<p>Com 373 enterros em apenas um dia, a capital registrou no domingo, 21, o recorde di\u00e1rio de sepultamentos em cemit\u00e9rios p\u00fablicos, privados e cremat\u00f3rios da cidade desde o in\u00edcio da pandemia. O Servi\u00e7o Funer\u00e1rio do Munic\u00edpio de S\u00e3o Paulo j\u00e1 fez a contrata\u00e7\u00e3o de oito torres de energia para a realiza\u00e7\u00e3o de enterros noturnos por 60 dias, ratificados a cada 30, medida que ser\u00e1 adotada se o n\u00famero di\u00e1rio de enterros chegar a 400. O pico de 2020 foi em 26 de maio, com 322 enterros.<\/p>\n<p>At\u00e9 o momento, n\u00e3o foi necess\u00e1rio realizar sepultamentos no per\u00edodo noturno, mas duas torres j\u00e1 est\u00e3o dispon\u00edveis no Cemit\u00e9rio da Vila Formosa, o maior da Am\u00e9rica Latina, na zona leste paulistana. Os equipamentos podem ser utilizados caso sepultamentos agendados ultrapassem o hor\u00e1rio de funcionamento do cemit\u00e9rio.<\/p>\n<p>No caso de morte pela covid-19, a realiza\u00e7\u00e3o de vel\u00f3rio n\u00e3o \u00e9 permitida e o caix\u00e3o, fechado. A despedida \u00e9 breve e ocorre apenas no momento do sepultamento. Para os demais \u00f3bitos, o vel\u00f3rio pode durar at\u00e9 uma hora, com permiss\u00e3o de participa\u00e7\u00e3o de dez pessoas. Caso o n\u00famero de sepultamentos por dia chegue a 400, nenhum vel\u00f3rio poder\u00e1 ser realizado.<\/p>\n<p>At\u00e9 15 de mar\u00e7o, o n\u00famero de enterros estava na casa dos 200. A partir do dia 16, teve in\u00edcio uma s\u00e9rie com balan\u00e7o de sepultamentos superiores a 300, atingindo o maior n\u00famero di\u00e1rio durante a pandemia no dia 21. A m\u00e9dia de sepultamentos em mar\u00e7o deste ano, em rela\u00e7\u00e3o a mar\u00e7o do ano passado, quando a pandemia estava ainda no in\u00edcio no Brasil, apresentou alta de 44,2%. Saltou de uma m\u00e9dia de 195,3 enterros por dia em mar\u00e7o de 2020 para 281,8 nas tr\u00eas primeiras semanas deste m\u00eas.<\/p>\n<p>Esses primeiros 21 dias tamb\u00e9m t\u00eam m\u00e9dia maior de sepultamentos do que a registrada em maio do ano passado, m\u00eas em que a doen\u00e7a atingiu o pico de enterros na cidade, com m\u00e9dia de 269,9 sepultamentos por dia. Segundo o Servi\u00e7o Funer\u00e1rio, o pico de sepultamentos do ano passado foi em 26 de maio, quando foram realizados 322 enterros.<\/p>\n<p>No s\u00e1bado, o recorde de enterros desde o in\u00edcio da pandemia j\u00e1 tinha sido alcan\u00e7ado, com 372 enterros. O pico do fim de semana causou, inclusive, aglomera\u00e7\u00e3o no Cemit\u00e9rio Vila Formosa. &#8220;Os enterros t\u00eam de acontecer das 8h \u00e0s 18h. Quando a fam\u00edlia chega para fazer o vel\u00f3rio, tem aglomera\u00e7\u00e3o das pessoas que esperaram para enterrar de manh\u00e3&#8221;, diz Jo\u00e3o Batista Gomes, secret\u00e1rio de imprensa do Sindicato dos Trabalhadores na Administra\u00e7\u00e3o P\u00fablica e Autarquias no Munic\u00edpio de S\u00e3o Paulo (Sindsep).<\/p>\n<p>&#8220;Tivemos fila dos carros f\u00fanebres e el\u00e9tricos, mesmo com carros grandes para transportar seis caix\u00f5es. Ontem (no domingo), foram 85 enterros no Vila Formosa 2, os sepultadores falam que metade disso era covid-19&#8221;, afirma. Em nota, o Servi\u00e7o Funer\u00e1rio informou que equipes de fiscaliza\u00e7\u00e3o t\u00eam atuado nos cemit\u00e9rios para orientar a popula\u00e7\u00e3o e que h\u00e1 material informativo sobre uso de m\u00e1scaras e necessidade de distanciamento social nas salas de vel\u00f3rio.<\/p>\n<p>&#8220;Por se tratar de um momento de despedida, muitas fam\u00edlias n\u00e3o compreendem as normas de distanciamento social, dificultando o trabalho das equipes que atuam na administra\u00e7\u00e3o pedindo a colabora\u00e7\u00e3o quanto \u00e0 quantidade limite de pessoas por sala. Atrasos de familiares nos primeiros sepultamentos do dia provocam desordem nos hor\u00e1rios, o que dificulta o cumprimento em tempo das atividades di\u00e1rias de cada unidade.&#8221;<\/p>\n<p>A autarquia disse ainda que mais sepultadores v\u00e3o come\u00e7ar a integrar o quadro de refor\u00e7o a partir desta semana. &#8220;Al\u00e9m dos 173 sepultadores efetivos ativos e dos 150 terceirizados contratados em 2020 e in\u00edcio de 2021, mais 35 iniciar\u00e3o nesta semana.&#8221;<\/p>\n<p>De acordo com a Secretaria Municipal da Sa\u00fade, a taxa de ocupa\u00e7\u00e3o dos leitos de UTI para covid-19 era de 89% nesta segunda-feira, 22, e de 75% em enfermaria. Neste domingo, os hospitais municipais Carmen Prudente, Ign\u00e1cio Proen\u00e7a de Gouveia e Jos\u00e9 Soares Hungria estavam com taxa de ocupa\u00e7\u00e3o de 100% dos leitos de UTI covid-19.<\/p>\n<p>&nbsp;<\/p>\n<p><strong>Fonte: Terra<\/strong><\/p>\n<p>&nbsp;<\/p>\n","protected":false},"excerpt":{"rendered":"<p>Com 373 enterros em apenas um dia, a capital registrou no domingo, 21, o recorde di\u00e1rio de sepultamentos em cemit\u00e9rios p\u00fablicos, privados e cremat\u00f3rios da cidade desde o in\u00edcio da pandemia. O Servi\u00e7o Funer\u00e1rio do Munic\u00edpio de S\u00e3o Paulo j\u00e1 fez a contrata\u00e7\u00e3o de oito torres de energia para a realiza\u00e7\u00e3o de enterros noturnos por &hellip;<\/p>\n","protected":false},"author":1,"featured_media":14034,"comment_status":"closed","ping_status":"closed","sticky":false,"template":"","format":"standard","meta":{"_jetpack_newsletter_access":"","_jetpack_dont_email_post_to_subs":false,"_jetpack_newsletter_tier_id":0,"_jetpack_memberships_contains_paywalled_content":false,"_jetpack_memberships_contains_paid_content":false,"footnotes":""},"categories":[1],"tags":[],"class_list":["post-14033","post","type-post","status-publish","format-standard","has-post-thumbnail","hentry","category-destaque"],"jetpack_sharing_enabled":true,"jetpack_featured_media_url":"","_links":{"self":[{"href":"https:\/\/www.oparanews.com.br\/index.php\/wp-json\/wp\/v2\/posts\/14033","targetHints":{"allow":["GET"]}}],"collection":[{"href":"https:\/\/www.oparanews.com.br\/index.php\/wp-json\/wp\/v2\/posts"}],"about":[{"href":"https:\/\/www.oparanews.com.br\/index.php\/wp-json\/wp\/v2\/types\/post"}],"author":[{"embeddable":true,"href":"https:\/\/www.oparanews.com.br\/index.php\/wp-json\/wp\/v2\/users\/1"}],"replies":[{"embeddable":true,"href":"https:\/\/www.oparanews.com.br\/index.php\/wp-json\/wp\/v2\/comments?post=14033"}],"version-history":[{"count":0,"href":"https:\/\/www.oparanews.com.br\/index.php\/wp-json\/wp\/v2\/posts\/14033\/revisions"}],"wp:attachment":[{"href":"https:\/\/www.oparanews.com.br\/index.php\/wp-json\/wp\/v2\/media?parent=14033"}],"wp:term":[{"taxonomy":"category","embeddable":true,"href":"https:\/\/www.oparanews.com.br\/index.php\/wp-json\/wp\/v2\/categories?post=14033"},{"taxonomy":"post_tag","embeddable":true,"href":"https:\/\/www.oparanews.com.br\/index.php\/wp-json\/wp\/v2\/tags?post=14033"}],"curies":[{"name":"wp","href":"https:\/\/api.w.org\/{rel}","templated":true}]}}