{"id":14039,"date":"2021-03-23T11:42:25","date_gmt":"2021-03-23T11:42:25","guid":{"rendered":"https:\/\/oparanews.com.br\/?p=14039"},"modified":"2021-03-23T11:42:25","modified_gmt":"2021-03-23T11:42:25","slug":"fui-vitima-de-uma-guerra-politica-diz-rafinha","status":"publish","type":"post","link":"https:\/\/www.oparanews.com.br\/index.php\/2021\/03\/23\/fui-vitima-de-uma-guerra-politica-diz-rafinha\/","title":{"rendered":"&#8220;Fui v\u00edtima de uma guerra pol\u00edtica&#8221;, diz Rafinha"},"content":{"rendered":"<p>Rafinha recebeu &#8220;Ok&#8221; do Ninho do Urubu e um &#8220;n\u00e3o&#8221; da G\u00e1vea. Basicamente, o lateral-direito n\u00e3o foi contratado novamente pelo Flamengo por conta de diverg\u00eancias entre o departamento de futebol e membros da alta c\u00fapula da diretoria presentes na sede da Zona Sul do Rio de Janeiro.<\/p>\n<p>Na opini\u00e3o de Rafinha, ele foi &#8220;v\u00edtima de uma guerra pol\u00edtica&#8221; dentro do Fla: &#8220;O treinador me queria, o departamento de futebol (citando, posteriormente, o diretor Bruno Spindel e o VP Marcos Braz) todo me queria. Os torcedores me queriam. A parte financeira j\u00e1 deixei claro que n\u00e3o era o problema. Vou repetir: flexibilizei o m\u00e1ximo que poderia para receber meu sal\u00e1rio em 2022. Claro que eu fui v\u00edtima de uma guerra pol\u00edtica. N\u00e3o tenho culpa disso. Podem estar zangados com o Olympiacos, respeito&#8221;, falou Rafinha, em entrevista ao canal SporTV, emendando:<\/p>\n<p>&#8220;Tenho muito carinho. N\u00e3o foi isso que alegaram. Falaram que era parte financeira. Eles t\u00eam essa guerra, eu n\u00e3o sabia tamb\u00e9m. Eu paguei o pato, fiquei 35 dias esperando tomarem decis\u00e3o e n\u00e3o deu certo. Pula para o outro lado e tinha as pessoas que eu soube que n\u00e3o queriam minha contrata\u00e7\u00e3o. Eles sabem que, eu voltando, o departamento de futebol ia ficar muito forte, e eles (divergentes na diretoria) n\u00e3o quiseram deixar essa for\u00e7a voltar&#8221;.<\/p>\n<p>&#8220;N\u00e3o seria, de jeito nenhum, o valor que ganhei na primeira passagem. N\u00e3o tem compara\u00e7\u00e3o, afinal abri m\u00e3o disso tamb\u00e9m, porque sei da situa\u00e7\u00e3o, sei como \u00e9. O valor seria muito menor do que ganhei na primeira passagem. Todo mundo falando de dinheiro e luvas, o torcedor n\u00e3o sabe a realidade. Eu iria receber bem menos. Eu nem sabia quanto ia receber, porque estava esperando o Flamengo fazer uma proposta. O Flamengo sabe meu valor, o jogador que sou, o que represento. Esperei o Flamengo fazer proposta e claramente eu ia aceitar&#8221;.<\/p>\n<p>Rafinha frisou que o fator financeiro n\u00e3o foi determinante para que o Flamengo recuasse no interesse e encerrasse as negocia\u00e7\u00f5es. Aos 35 anos, o lateral comentou sobre isso e tamb\u00e9m acerca de sua motiva\u00e7\u00e3o para atuar na Gr\u00e9cia, em agosto do ano passado.<\/p>\n<p>&#8220;O valor financeiro nunca foi o principal fator. Eu estou h\u00e1 30 dias s\u00f3 tomando pancada, sendo chamado de mercen\u00e1rio. Isso n\u00e3o \u00e9 verdade. Independentemente do valor, eu ia aceitar. Eu quero jogar&#8221;, falou sobre o Fla, completando com a justificativa que o fez jogar no Olympiacos:<\/p>\n<p>&#8220;Eu tive uma proposta pra ganhar tr\u00eas vezes mais do que eu ganhava do Flamengo. Era uma possibilidade \u00fanica. Tinha s\u00f3 mais 4 anos de carreira&#8221;.<\/p>\n<p>Por fim, Rafinha externou que virou a chave, al\u00e9m de afirmar ter recebido propostas, inclusive de um clube da Major League Soccer (EUA), mas que ainda decidir\u00e1 o destino em 2021<\/p>\n<p>-&#8220;Eu sou profissional, todo mundo sabe o carinho que eu tenho pelo Flamengo. O nome do meu cachorro \u00e9 &#8220;mengo&#8221;. Tenho muito carinho pelo clube, mas sou profissional, estou no fim da carreira. A partir de hoje virei a chave e vou seguir minha vida profissional. Estudar com calma as propostas, pois estava 35 dias aguardando a resposta do Flamengo&#8221;.<\/p>\n<p>&nbsp;<\/p>\n<p><strong>Fonte: LANCE!<\/strong><\/p>\n<p>&nbsp;<\/p>\n","protected":false},"excerpt":{"rendered":"<p>Rafinha recebeu &#8220;Ok&#8221; do Ninho do Urubu e um &#8220;n\u00e3o&#8221; da G\u00e1vea. Basicamente, o lateral-direito n\u00e3o foi contratado novamente pelo Flamengo por conta de diverg\u00eancias entre o departamento de futebol e membros da alta c\u00fapula da diretoria presentes na sede da Zona Sul do Rio de Janeiro. Na opini\u00e3o de Rafinha, ele foi &#8220;v\u00edtima de &hellip;<\/p>\n","protected":false},"author":1,"featured_media":14040,"comment_status":"closed","ping_status":"closed","sticky":false,"template":"","format":"standard","meta":{"_jetpack_newsletter_access":"","_jetpack_dont_email_post_to_subs":false,"_jetpack_newsletter_tier_id":0,"_jetpack_memberships_contains_paywalled_content":false,"_jetpack_memberships_contains_paid_content":false,"footnotes":""},"categories":[1],"tags":[],"class_list":["post-14039","post","type-post","status-publish","format-standard","has-post-thumbnail","hentry","category-destaque"],"jetpack_sharing_enabled":true,"jetpack_featured_media_url":"","_links":{"self":[{"href":"https:\/\/www.oparanews.com.br\/index.php\/wp-json\/wp\/v2\/posts\/14039","targetHints":{"allow":["GET"]}}],"collection":[{"href":"https:\/\/www.oparanews.com.br\/index.php\/wp-json\/wp\/v2\/posts"}],"about":[{"href":"https:\/\/www.oparanews.com.br\/index.php\/wp-json\/wp\/v2\/types\/post"}],"author":[{"embeddable":true,"href":"https:\/\/www.oparanews.com.br\/index.php\/wp-json\/wp\/v2\/users\/1"}],"replies":[{"embeddable":true,"href":"https:\/\/www.oparanews.com.br\/index.php\/wp-json\/wp\/v2\/comments?post=14039"}],"version-history":[{"count":0,"href":"https:\/\/www.oparanews.com.br\/index.php\/wp-json\/wp\/v2\/posts\/14039\/revisions"}],"wp:attachment":[{"href":"https:\/\/www.oparanews.com.br\/index.php\/wp-json\/wp\/v2\/media?parent=14039"}],"wp:term":[{"taxonomy":"category","embeddable":true,"href":"https:\/\/www.oparanews.com.br\/index.php\/wp-json\/wp\/v2\/categories?post=14039"},{"taxonomy":"post_tag","embeddable":true,"href":"https:\/\/www.oparanews.com.br\/index.php\/wp-json\/wp\/v2\/tags?post=14039"}],"curies":[{"name":"wp","href":"https:\/\/api.w.org\/{rel}","templated":true}]}}